{"id":7854,"date":"2018-02-16T06:07:51","date_gmt":"2018-02-16T06:07:51","guid":{"rendered":"http:\/\/www.decintivillalon.com\/?p=7854"},"modified":"2018-08-21T05:21:09","modified_gmt":"2018-08-21T05:21:09","slug":"homenaje-a-rusia","status":"publish","type":"post","link":"https:\/\/www.decintivillalon.com\/en\/2018\/02\/16\/homenaje-a-rusia\/","title":{"rendered":"Tribute to Russia"},"content":{"rendered":"<p><a href=\"https:\/\/www.decintivillalon.com\/\">Inicio<\/a> &gt; <a href=\"https:\/\/www.decintivillalon.com\/archivo-de-proyectos-exposiciones-eventos\/\">Archivo<\/a> &gt;\u00a0<a href=\"https:\/\/www.decintivillalon.com\/category\/proyectos\/\">Proyectos<\/a> &gt; Homenaje a Rusia<\/p>\n<h2>Presentaci\u00f3n<\/h2>\n<p>La <strong>Academia de Pintura Decinti Villal\u00f3n<\/strong> tiene el agrado de presentar la exposici\u00f3n \u201cHomenaje a Rusia\u201d, en el <a href=\"http:\/\/esp.rs.gov.ru\/es\"><strong>Centro Ruso de Ciencia y Cultura<\/strong><\/a>\u00a0de Madrid.<\/p>\n<p>La habitual presencia de ciudadanos\u00a0 rusos en nuestro taller y el especial impulso de la pintora Elena Krasnova, nos ha permitido producir esta exposici\u00f3n que invita a conocer variados aspectos de Rusia, en el contexto de las festividades de conmemoraci\u00f3n del D\u00eda de la Mujer.<\/p>\n<p>En el mes de marzo dio comienzo en 80 pa\u00edses de todo el mundo el proyecto de \u201cRossotrudnichestvo\u201d \u201cRusia, amor sin fronteras\u201d Este proyecto est\u00e1 dedicado a la bella fiesta primaveral del \u201cD\u00eda Internacional de la Mujer\u201d La idea fundamental de este proyecto es representar a Rusia a trav\u00e9s de la imagen de la mujer. Rusia es un pa\u00eds para el cual el amor, la paz, la bondad y el humanismo son valores esenciales. La Representaci\u00f3n de \u201cRossotrudnichestvo\u201d: Centros Rusos de Ciencia y Cultura en el extranjero, son plataformas para la promoci\u00f3n de actividades en el campo de la educaci\u00f3n, el establecimiento de contactos entre cient\u00edficos rusos y colegas extranjeros, la cooperaci\u00f3n juvenil, as\u00ed como para la elecci\u00f3n de licenciados en escuelas extranjeras para su formaci\u00f3n en Centros de Ense\u00f1anza rusos dentro de un programa de cuotas asignadas por el gobierno de la Federaci\u00f3n de Rusia.<\/p>\n<p>Este proyecto de Homenaje a Rusia, ha representado para la escuela una nueva oportunidad de mostrar el mejor hacer de los participantes, una oportunidad para la transferencia de experiencias y conocimientos relativos a la creaci\u00f3n, ejecuci\u00f3n y divulgaci\u00f3n del arte de la pintura y un nuevo paso en el proceso evolutivo personal de cada uno\u00a0de los artistas de la escuela.<\/p>\n<p><a href=\"https:\/\/www.decintivillalon.com\/arte-la-copia\/\">Ver obras por encargo<\/a><\/p>\n<h2>Participantes<\/h2>\n<h5>Ana Rubio | Ana G\u00f3mez Panizo | Ana Maria Sarmiento | Antonio L\u00f3pez Vicens | Beatriz Olabarr\u00eda | Blanca Zum\u00e1rraga | Charo Rolland | Charo Zurbano | Elena Abreu | Elena Krasnova | Ernesto Resendiz | I\u00f1igo Belderrain | Isabel Calvo | Ivanna Gautier | Jeanette Alfau | Jos\u00e9 G\u00f3mez | Lupe Claver | Marga Mielgo | Maria Ramos de Molins | Mar\u00eda Jos\u00e9 Fole | Mar\u00eda Jos\u00e9 Romero | Marisol De la Plaza | Marjolaine del Pino | Matilde Aguirre | Mercedes Mart\u00edn | Olga S\u00e1nchez | Paloma Cerezo | Puri Verde | Rosa Colmenar | Sacramento Garc\u00eda | Sonia Fern\u00e1ndez | Teresa Valcarcel | Ver\u00f3nica Tenorio | Yolanda D\u00edaz<\/h5>\n<h2>Homenaje a Rusia: Mujer, cultura y paisaje.<\/h2>\n<p><em>In mem\u00f3riam <\/em> Blanca Zum\u00e1rraga<\/p>\n\n\t\t<style type=\"text\/css\">\n\t\t\t#gallery-1 {\n\t\t\t\tmargin: auto;\n\t\t\t}\n\t\t\t#gallery-1 .gallery-item {\n\t\t\t\tfloat: left;\n\t\t\t\tmargin-top: 10px;\n\t\t\t\ttext-align: center;\n\t\t\t\twidth: 50%;\n\t\t\t}\n\t\t\t#gallery-1 img {\n\t\t\t\tborder: 2px solid #cfcfcf;\n\t\t\t}\n\t\t\t#gallery-1 .gallery-caption {\n\t\t\t\tmargin-left: 0;\n\t\t\t}\n\t\t\t\/* see gallery_shortcode() in wp-includes\/media.php *\/\n\t\t<\/style>\n\t\t<div data-carousel-extra='{&quot;blog_id&quot;:1,&quot;permalink&quot;:&quot;https:\/\/www.decintivillalon.com\/en\/2018\/02\/16\/homenaje-a-rusia\/&quot;}' id='gallery-1' class='gallery galleryid-7854 gallery-columns-2 gallery-size-thumbnail'><dl class='gallery-item'>\n\t\t\t<dt class='gallery-icon portrait'>\n\t\t\t\t<a href='https:\/\/www.decintivillalon.com\/en\/2018\/02\/16\/homenaje-a-rusia\/elena-kasnova-2\/'><img loading=\"lazy\" decoding=\"async\" width=\"150\" height=\"150\" src=\"https:\/\/i0.wp.com\/www.decintivillalon.com\/wp-content\/uploads\/2018\/02\/Elena-Kasnova.jpg?resize=150%2C150&amp;ssl=1\" class=\"attachment-thumbnail size-thumbnail\" alt=\"\" aria-describedby=\"gallery-1-7876\" srcset=\"https:\/\/i0.wp.com\/www.decintivillalon.com\/wp-content\/uploads\/2018\/02\/Elena-Kasnova.jpg?w=1019&amp;ssl=1 1019w, https:\/\/i0.wp.com\/www.decintivillalon.com\/wp-content\/uploads\/2018\/02\/Elena-Kasnova.jpg?resize=150%2C150&amp;ssl=1 150w, https:\/\/i0.wp.com\/www.decintivillalon.com\/wp-content\/uploads\/2018\/02\/Elena-Kasnova.jpg?resize=300%2C300&amp;ssl=1 300w, https:\/\/i0.wp.com\/www.decintivillalon.com\/wp-content\/uploads\/2018\/02\/Elena-Kasnova.jpg?resize=768%2C772&amp;ssl=1 768w\" sizes=\"auto, (max-width: 150px) 100vw, 150px\" data-attachment-id=\"7876\" data-permalink=\"https:\/\/www.decintivillalon.com\/en\/2018\/02\/16\/homenaje-a-rusia\/elena-kasnova-2\/\" data-orig-file=\"https:\/\/i0.wp.com\/www.decintivillalon.com\/wp-content\/uploads\/2018\/02\/Elena-Kasnova.jpg?fit=1019%2C1024&amp;ssl=1\" data-orig-size=\"1019,1024\" data-comments-opened=\"0\" data-image-meta=\"{&quot;aperture&quot;:&quot;4&quot;,&quot;credit&quot;:&quot;Picasa&quot;,&quot;camera&quot;:&quot;NIKON D3100&quot;,&quot;caption&quot;:&quot;&quot;,&quot;created_timestamp&quot;:&quot;1364945015&quot;,&quot;copyright&quot;:&quot;&quot;,&quot;focal_length&quot;:&quot;38&quot;,&quot;iso&quot;:&quot;180&quot;,&quot;shutter_speed&quot;:&quot;0.033333333333333&quot;,&quot;title&quot;:&quot;&quot;,&quot;orientation&quot;:&quot;0&quot;}\" data-image-title=\"Elena-Kasnova\" data-image-description=\"\" data-image-caption=\"&lt;p&gt;&lt;\/p&gt;\n\" data-large-file=\"https:\/\/i0.wp.com\/www.decintivillalon.com\/wp-content\/uploads\/2018\/02\/Elena-Kasnova.jpg?fit=1019%2C1024&amp;ssl=1\" \/><\/a>\n\t\t\t<\/dt>\n\t\t\t\t<dd class='wp-caption-text gallery-caption' id='gallery-1-7876'>\n\t\t\t\t<h5>\tElena \tKrasnova\t<\/h5>\t&#8221;\tEl d\u00eda del Iv\u00e1n Kupala\t&#8220;<br>\t\u00d3leo sobre lienzo,\t50 x 65\tcm<br>La festividad sigue siendo celebrada con entusiasmo entre la juventud rusa. La noche precede a la noche de Tvorila considerada la noche de las travesuras (lo cual concierne en importancia a las fuerzas del orden). El propio d\u00eda del Iv\u00e1n Kupala los ni\u00f1os hacen peleas de agua y realizan bromas, la mayor\u00eda de casos sobre el agua purificadora para alguien. En algunas regiones, el d\u00eda del Iv\u00e1n Kupala es considerado el primer d\u00eda de la temporada de ba\u00f1os, cuando suben las temperaturas del agua en r\u00edos y lagos.\n\t\t\t\t<\/dd><\/dl><dl class='gallery-item'>\n\t\t\t<dt class='gallery-icon portrait'>\n\t\t\t\t<a href='https:\/\/www.decintivillalon.com\/en\/2018\/02\/16\/homenaje-a-rusia\/elena-krasnova-2\/'><img loading=\"lazy\" decoding=\"async\" width=\"150\" height=\"150\" src=\"https:\/\/i0.wp.com\/www.decintivillalon.com\/wp-content\/uploads\/2018\/02\/Elena-Krasnova-2.jpg?resize=150%2C150&amp;ssl=1\" class=\"attachment-thumbnail size-thumbnail\" alt=\"\" aria-describedby=\"gallery-1-7875\" srcset=\"https:\/\/i0.wp.com\/www.decintivillalon.com\/wp-content\/uploads\/2018\/02\/Elena-Krasnova-2.jpg?resize=150%2C150&amp;ssl=1 150w, https:\/\/i0.wp.com\/www.decintivillalon.com\/wp-content\/uploads\/2018\/02\/Elena-Krasnova-2.jpg?zoom=2&amp;resize=150%2C150&amp;ssl=1 300w, https:\/\/i0.wp.com\/www.decintivillalon.com\/wp-content\/uploads\/2018\/02\/Elena-Krasnova-2.jpg?zoom=3&amp;resize=150%2C150&amp;ssl=1 450w\" sizes=\"auto, (max-width: 150px) 100vw, 150px\" data-attachment-id=\"7875\" data-permalink=\"https:\/\/www.decintivillalon.com\/en\/2018\/02\/16\/homenaje-a-rusia\/elena-krasnova-2\/\" data-orig-file=\"https:\/\/i0.wp.com\/www.decintivillalon.com\/wp-content\/uploads\/2018\/02\/Elena-Krasnova-2.jpg?fit=819%2C1000&amp;ssl=1\" data-orig-size=\"819,1000\" data-comments-opened=\"0\" data-image-meta=\"{&quot;aperture&quot;:&quot;0&quot;,&quot;credit&quot;:&quot;Picasa&quot;,&quot;camera&quot;:&quot;&quot;,&quot;caption&quot;:&quot;&quot;,&quot;created_timestamp&quot;:&quot;1508443238&quot;,&quot;copyright&quot;:&quot;&quot;,&quot;focal_length&quot;:&quot;0&quot;,&quot;iso&quot;:&quot;0&quot;,&quot;shutter_speed&quot;:&quot;0&quot;,&quot;title&quot;:&quot;&quot;,&quot;orientation&quot;:&quot;0&quot;}\" data-image-title=\"Elena Krasnova 2\" data-image-description=\"\" data-image-caption=\"&lt;p&gt;&lt;\/p&gt;\n\" data-large-file=\"https:\/\/i0.wp.com\/www.decintivillalon.com\/wp-content\/uploads\/2018\/02\/Elena-Krasnova-2.jpg?fit=819%2C1000&amp;ssl=1\" \/><\/a>\n\t\t\t<\/dt>\n\t\t\t\t<dd class='wp-caption-text gallery-caption' id='gallery-1-7875'>\n\t\t\t\t<h5>\tElena \tKrasnova\t<\/h5>\t&#8221;\tCeremonia Ortodoxa\t&#8220;<br>\t\u00d3leo sobre lienzo,\t50 x 65\tcm<br>La cultura rusa est\u00e1 estrechamente relacionada con la ortodoxia. A lo largo de la historia, la ortodoxia ha cumplido un papel importante en la vida del pueblo ruso y del estado en general. \r\nAmor, humildad, esperanza, bondad y misericordia son los principales valores cristianos ortodoxos que dan forma al alma de Rusia.\n\t\t\t\t<\/dd><\/dl><br style=\"clear: both\" \/><dl class='gallery-item'>\n\t\t\t<dt class='gallery-icon portrait'>\n\t\t\t\t<a href='https:\/\/www.decintivillalon.com\/en\/2018\/02\/16\/homenaje-a-rusia\/blanca-zumarraga-5\/'><img loading=\"lazy\" decoding=\"async\" width=\"150\" height=\"150\" src=\"https:\/\/i0.wp.com\/www.decintivillalon.com\/wp-content\/uploads\/2018\/02\/Blanca-Zumarraga.jpg?resize=150%2C150&amp;ssl=1\" class=\"attachment-thumbnail size-thumbnail\" alt=\"\" aria-describedby=\"gallery-1-7873\" srcset=\"https:\/\/i0.wp.com\/www.decintivillalon.com\/wp-content\/uploads\/2018\/02\/Blanca-Zumarraga.jpg?resize=150%2C150&amp;ssl=1 150w, https:\/\/i0.wp.com\/www.decintivillalon.com\/wp-content\/uploads\/2018\/02\/Blanca-Zumarraga.jpg?zoom=2&amp;resize=150%2C150&amp;ssl=1 300w, https:\/\/i0.wp.com\/www.decintivillalon.com\/wp-content\/uploads\/2018\/02\/Blanca-Zumarraga.jpg?zoom=3&amp;resize=150%2C150&amp;ssl=1 450w\" sizes=\"auto, (max-width: 150px) 100vw, 150px\" data-attachment-id=\"7873\" data-permalink=\"https:\/\/www.decintivillalon.com\/en\/2018\/02\/16\/homenaje-a-rusia\/blanca-zumarraga-5\/\" data-orig-file=\"https:\/\/i0.wp.com\/www.decintivillalon.com\/wp-content\/uploads\/2018\/02\/Blanca-Zumarraga.jpg?fit=924%2C1200&amp;ssl=1\" data-orig-size=\"924,1200\" data-comments-opened=\"0\" data-image-meta=\"{&quot;aperture&quot;:&quot;1.9&quot;,&quot;credit&quot;:&quot;Picasa&quot;,&quot;camera&quot;:&quot;SM-J500FN&quot;,&quot;caption&quot;:&quot;&quot;,&quot;created_timestamp&quot;:&quot;1508438399&quot;,&quot;copyright&quot;:&quot;&quot;,&quot;focal_length&quot;:&quot;3.7&quot;,&quot;iso&quot;:&quot;160&quot;,&quot;shutter_speed&quot;:&quot;0.05&quot;,&quot;title&quot;:&quot;&quot;,&quot;orientation&quot;:&quot;0&quot;}\" data-image-title=\"Blanca Zumarraga\" data-image-description=\"\" data-image-caption=\"&lt;p&gt;&lt;\/p&gt;\n\" data-large-file=\"https:\/\/i0.wp.com\/www.decintivillalon.com\/wp-content\/uploads\/2018\/02\/Blanca-Zumarraga.jpg?fit=788%2C1024&amp;ssl=1\" \/><\/a>\n\t\t\t<\/dt>\n\t\t\t\t<dd class='wp-caption-text gallery-caption' id='gallery-1-7873'>\n\t\t\t\t<h5>\tBlanca\tZum\u00e1rraga\t(Con la colaboraci\u00f3n de Puri Verde)<\/h5>\t&#8221;\tLa campesina\t&#8220;<br>\t\u00d3leo sobre lienzo,\t50 x 65\tcm<br>La servidumbre fue abolida en 1861 por el zar Alejandro II de Rusia, extendiendo la libertad de movimiento y la libertad personal a todos los siervos rusos, cualquiera fuera su categor\u00eda, con lo cual en la pr\u00e1ctica se elimin\u00f3 el derecho que ten\u00edan los terratenientes sobre ellos. No obstante las presiones humanitarias para esta medida, la abolici\u00f3n de la servidumbre no mejor\u00f3 sustancialmente la situaci\u00f3n de los campesinos, que empobrecidos y sin dinero permanecieron mayormente en las fincas de sus terratenientes a falta de una mejor alternativa de subsistencia.\n\t\t\t\t<\/dd><\/dl><dl class='gallery-item'>\n\t\t\t<dt class='gallery-icon portrait'>\n\t\t\t\t<a href='https:\/\/www.decintivillalon.com\/en\/2018\/02\/16\/homenaje-a-rusia\/marijose-fole-2-2\/'><img loading=\"lazy\" decoding=\"async\" width=\"150\" height=\"150\" src=\"https:\/\/i0.wp.com\/www.decintivillalon.com\/wp-content\/uploads\/2018\/02\/marijose-fole-2-1.jpg?resize=150%2C150&amp;ssl=1\" class=\"attachment-thumbnail size-thumbnail\" alt=\"\" aria-describedby=\"gallery-1-7975\" srcset=\"https:\/\/i0.wp.com\/www.decintivillalon.com\/wp-content\/uploads\/2018\/02\/marijose-fole-2-1.jpg?resize=150%2C150&amp;ssl=1 150w, https:\/\/i0.wp.com\/www.decintivillalon.com\/wp-content\/uploads\/2018\/02\/marijose-fole-2-1.jpg?zoom=2&amp;resize=150%2C150&amp;ssl=1 300w, https:\/\/i0.wp.com\/www.decintivillalon.com\/wp-content\/uploads\/2018\/02\/marijose-fole-2-1.jpg?zoom=3&amp;resize=150%2C150&amp;ssl=1 450w\" sizes=\"auto, (max-width: 150px) 100vw, 150px\" data-attachment-id=\"7975\" data-permalink=\"https:\/\/www.decintivillalon.com\/en\/2018\/02\/16\/homenaje-a-rusia\/marijose-fole-2-2\/\" data-orig-file=\"https:\/\/i0.wp.com\/www.decintivillalon.com\/wp-content\/uploads\/2018\/02\/marijose-fole-2-1.jpg?fit=912%2C1200&amp;ssl=1\" data-orig-size=\"912,1200\" data-comments-opened=\"0\" data-image-meta=\"{&quot;aperture&quot;:&quot;0&quot;,&quot;credit&quot;:&quot;&quot;,&quot;camera&quot;:&quot;&quot;,&quot;caption&quot;:&quot;&quot;,&quot;created_timestamp&quot;:&quot;0&quot;,&quot;copyright&quot;:&quot;&quot;,&quot;focal_length&quot;:&quot;0&quot;,&quot;iso&quot;:&quot;0&quot;,&quot;shutter_speed&quot;:&quot;0&quot;,&quot;title&quot;:&quot;&quot;,&quot;orientation&quot;:&quot;0&quot;}\" data-image-title=\"marijose-fole-2\" data-image-description=\"\" data-image-caption=\"&lt;p&gt;&lt;\/p&gt;\n\" data-large-file=\"https:\/\/i0.wp.com\/www.decintivillalon.com\/wp-content\/uploads\/2018\/02\/marijose-fole-2-1.jpg?fit=778%2C1024&amp;ssl=1\" \/><\/a>\n\t\t\t<\/dt>\n\t\t\t\t<dd class='wp-caption-text gallery-caption' id='gallery-1-7975'>\n\t\t\t\t<h5>Mar\u00eda Jos\u00e9 Fole<\/h5>&#8220;Homenaje a Serge Marshennikov&#8221;<br>\u00d3leo sobre lienzo 50 x 65 cm<br>Pintor contempor\u00e1neo ruso nacido en Ufa, Bashkiria (1971). Se form\u00f3 en la Academia de Arte de Ufa y en la Academia Repin de Bellas Artes de San Petersburgo. Su pintura se inspira en t\u00e9cnicas derivadas del arte ruso del siglo XIX, y tambi\u00e9n est\u00e1 influenciada por los pintores Andrew Wyeth y Lucian Freud. La figura femenina es la protagonista en sus obras.\n\t\t\t\t<\/dd><\/dl><br style=\"clear: both\" \/><dl class='gallery-item'>\n\t\t\t<dt class='gallery-icon landscape'>\n\t\t\t\t<a href='https:\/\/www.decintivillalon.com\/en\/2018\/02\/16\/homenaje-a-rusia\/maria-ramos\/'><img loading=\"lazy\" decoding=\"async\" width=\"150\" height=\"150\" src=\"https:\/\/i0.wp.com\/www.decintivillalon.com\/wp-content\/uploads\/2018\/02\/Maria-Ramos.jpg?resize=150%2C150&amp;ssl=1\" class=\"attachment-thumbnail size-thumbnail\" alt=\"\" aria-describedby=\"gallery-1-7883\" srcset=\"https:\/\/i0.wp.com\/www.decintivillalon.com\/wp-content\/uploads\/2018\/02\/Maria-Ramos.jpg?resize=150%2C150&amp;ssl=1 150w, https:\/\/i0.wp.com\/www.decintivillalon.com\/wp-content\/uploads\/2018\/02\/Maria-Ramos.jpg?zoom=2&amp;resize=150%2C150&amp;ssl=1 300w, https:\/\/i0.wp.com\/www.decintivillalon.com\/wp-content\/uploads\/2018\/02\/Maria-Ramos.jpg?zoom=3&amp;resize=150%2C150&amp;ssl=1 450w\" sizes=\"auto, (max-width: 150px) 100vw, 150px\" data-attachment-id=\"7883\" data-permalink=\"https:\/\/www.decintivillalon.com\/en\/2018\/02\/16\/homenaje-a-rusia\/maria-ramos\/\" data-orig-file=\"https:\/\/i0.wp.com\/www.decintivillalon.com\/wp-content\/uploads\/2018\/02\/Maria-Ramos.jpg?fit=1200%2C1176&amp;ssl=1\" data-orig-size=\"1200,1176\" data-comments-opened=\"0\" data-image-meta=\"{&quot;aperture&quot;:&quot;2&quot;,&quot;credit&quot;:&quot;Picasa&quot;,&quot;camera&quot;:&quot;ALE-L21&quot;,&quot;caption&quot;:&quot;&quot;,&quot;created_timestamp&quot;:&quot;1518359267&quot;,&quot;copyright&quot;:&quot;&quot;,&quot;focal_length&quot;:&quot;3.79&quot;,&quot;iso&quot;:&quot;380&quot;,&quot;shutter_speed&quot;:&quot;0.03030303030303&quot;,&quot;title&quot;:&quot;&quot;,&quot;orientation&quot;:&quot;0&quot;}\" data-image-title=\"Maria Ramos\" data-image-description=\"\" data-image-caption=\"&lt;p&gt;&lt;\/p&gt;\n\" data-large-file=\"https:\/\/i0.wp.com\/www.decintivillalon.com\/wp-content\/uploads\/2018\/02\/Maria-Ramos.jpg?fit=1024%2C1004&amp;ssl=1\" \/><\/a>\n\t\t\t<\/dt>\n\t\t\t\t<dd class='wp-caption-text gallery-caption' id='gallery-1-7883'>\n\t\t\t\t<h5>Maria Ramos de Molins<\/h5>\t&#8220;En la ventana\t&#8220;<br>\u00d3leo sobre lienzo,\t50 x 50 \tcm<br>En el pueblo de Tomsk, Siberia, una ni\u00f1a se asoma a la ventana de su humilde vivienda, una construcci\u00f3n t\u00edpica\r\nsiberiana de estructura de madera e historiada ventana en estado de enso\u00f1aci\u00f3n, quien sabe si so\u00f1ando o\r\nmeditando, sobre sus inquietudes, su futuro\u2026 Una ni\u00f1a hoy que formar\u00e1 parte del futuro en la sociedad rusa.\r\nLa obra quiere mostrar una imagen cotidiana en el marco de una arquitectura tradicional rusa, destacando la\r\nimpresi\u00f3n que producen los c\u00e1lidos troncos de madera tras los cuales se cobijan en una de las regiones m\u00e1s fr\u00edas\r\nde Rusia y de la sofisticaci\u00f3n y delicadeza con las que tallan las molduras de sus ventanas incluso en sus viviendas\r\nm\u00e1s humildes.\n\t\t\t\t<\/dd><\/dl><dl class='gallery-item'>\n\t\t\t<dt class='gallery-icon portrait'>\n\t\t\t\t<a href='https:\/\/www.decintivillalon.com\/en\/2018\/02\/16\/homenaje-a-rusia\/mariajose-romero\/'><img loading=\"lazy\" decoding=\"async\" width=\"150\" height=\"150\" src=\"https:\/\/i0.wp.com\/www.decintivillalon.com\/wp-content\/uploads\/2018\/02\/mariajose-romero.jpg?resize=150%2C150&amp;ssl=1\" class=\"attachment-thumbnail size-thumbnail\" alt=\"\" aria-describedby=\"gallery-1-7884\" srcset=\"https:\/\/i0.wp.com\/www.decintivillalon.com\/wp-content\/uploads\/2018\/02\/mariajose-romero.jpg?resize=150%2C150&amp;ssl=1 150w, https:\/\/i0.wp.com\/www.decintivillalon.com\/wp-content\/uploads\/2018\/02\/mariajose-romero.jpg?zoom=2&amp;resize=150%2C150&amp;ssl=1 300w, https:\/\/i0.wp.com\/www.decintivillalon.com\/wp-content\/uploads\/2018\/02\/mariajose-romero.jpg?zoom=3&amp;resize=150%2C150&amp;ssl=1 450w\" sizes=\"auto, (max-width: 150px) 100vw, 150px\" data-attachment-id=\"7884\" data-permalink=\"https:\/\/www.decintivillalon.com\/en\/2018\/02\/16\/homenaje-a-rusia\/mariajose-romero\/\" data-orig-file=\"https:\/\/i0.wp.com\/www.decintivillalon.com\/wp-content\/uploads\/2018\/02\/mariajose-romero.jpg?fit=903%2C1200&amp;ssl=1\" data-orig-size=\"903,1200\" data-comments-opened=\"0\" data-image-meta=\"{&quot;aperture&quot;:&quot;0&quot;,&quot;credit&quot;:&quot;Picasa&quot;,&quot;camera&quot;:&quot;&quot;,&quot;caption&quot;:&quot;&quot;,&quot;created_timestamp&quot;:&quot;1518812620&quot;,&quot;copyright&quot;:&quot;&quot;,&quot;focal_length&quot;:&quot;0&quot;,&quot;iso&quot;:&quot;0&quot;,&quot;shutter_speed&quot;:&quot;0&quot;,&quot;title&quot;:&quot;&quot;,&quot;orientation&quot;:&quot;0&quot;}\" data-image-title=\"mariajose romero\" data-image-description=\"\" data-image-caption=\"&lt;p&gt;&lt;\/p&gt;\n\" data-large-file=\"https:\/\/i0.wp.com\/www.decintivillalon.com\/wp-content\/uploads\/2018\/02\/mariajose-romero.jpg?fit=771%2C1024&amp;ssl=1\" \/><\/a>\n\t\t\t<\/dt>\n\t\t\t\t<dd class='wp-caption-text gallery-caption' id='gallery-1-7884'>\n\t\t\t\t<h5>Mar\u00eda Jos\u00e9 Romero<\/h5>\t\r\n&#8220;El Bolshoi&#8221;\t<br>\r\n\u00d3leo sobre lienzo 50 x 65 cm <br>\r\nEnsayos, esperas, consejos entre bambalinas. Visi\u00f3n de las bailarinas en sus momentos de m\u00e1xima concentraci\u00f3n, justo antes de salir al escenario. Una pintura que ofrece una perspectiva de acercamiento a estos int\u00e9rpretes, poniendo a disposici\u00f3n del espectador su faceta m\u00e1s \u00edntima.\n\t\t\t\t<\/dd><\/dl><br style=\"clear: both\" \/><dl class='gallery-item'>\n\t\t\t<dt class='gallery-icon landscape'>\n\t\t\t\t<a href='https:\/\/www.decintivillalon.com\/en\/2018\/02\/16\/homenaje-a-rusia\/teresa-valcarcel-4\/'><img loading=\"lazy\" decoding=\"async\" width=\"150\" height=\"150\" src=\"https:\/\/i0.wp.com\/www.decintivillalon.com\/wp-content\/uploads\/2018\/02\/teresa-valcarcel.jpg?resize=150%2C150&amp;ssl=1\" class=\"attachment-thumbnail size-thumbnail\" alt=\"\" aria-describedby=\"gallery-1-7904\" srcset=\"https:\/\/i0.wp.com\/www.decintivillalon.com\/wp-content\/uploads\/2018\/02\/teresa-valcarcel.jpg?resize=150%2C150&amp;ssl=1 150w, https:\/\/i0.wp.com\/www.decintivillalon.com\/wp-content\/uploads\/2018\/02\/teresa-valcarcel.jpg?zoom=2&amp;resize=150%2C150&amp;ssl=1 300w, https:\/\/i0.wp.com\/www.decintivillalon.com\/wp-content\/uploads\/2018\/02\/teresa-valcarcel.jpg?zoom=3&amp;resize=150%2C150&amp;ssl=1 450w\" sizes=\"auto, (max-width: 150px) 100vw, 150px\" data-attachment-id=\"7904\" data-permalink=\"https:\/\/www.decintivillalon.com\/en\/2018\/02\/16\/homenaje-a-rusia\/teresa-valcarcel-4\/\" data-orig-file=\"https:\/\/i0.wp.com\/www.decintivillalon.com\/wp-content\/uploads\/2018\/02\/teresa-valcarcel.jpg?fit=1200%2C1144&amp;ssl=1\" data-orig-size=\"1200,1144\" data-comments-opened=\"0\" data-image-meta=\"{&quot;aperture&quot;:&quot;2.2&quot;,&quot;credit&quot;:&quot;Picasa&quot;,&quot;camera&quot;:&quot;iPhone 6 Plus&quot;,&quot;caption&quot;:&quot;&quot;,&quot;created_timestamp&quot;:&quot;1518429600&quot;,&quot;copyright&quot;:&quot;&quot;,&quot;focal_length&quot;:&quot;4.15&quot;,&quot;iso&quot;:&quot;250&quot;,&quot;shutter_speed&quot;:&quot;0.04&quot;,&quot;title&quot;:&quot;&quot;,&quot;orientation&quot;:&quot;0&quot;}\" data-image-title=\"teresa valcarcel\" data-image-description=\"\" data-image-caption=\"&lt;p&gt;&lt;\/p&gt;\n\" data-large-file=\"https:\/\/i0.wp.com\/www.decintivillalon.com\/wp-content\/uploads\/2018\/02\/teresa-valcarcel.jpg?fit=1024%2C976&amp;ssl=1\" \/><\/a>\n\t\t\t<\/dt>\n\t\t\t\t<dd class='wp-caption-text gallery-caption' id='gallery-1-7904'>\n\t\t\t\t<h5>\tTeresa\tValcarcel\t<\/h5>\t&#8221;\t\u201cMarina Mij\u00e1ilovna Raskova&#8221;<br>\t\u00d3leo sobre lienzo,\t50 x 65\tcm<br>Ejemplo de mujer joven que luch\u00f3 por la libertad de un pueblo. Es un tributo a todas las mujeres, con ese mismo esp\u00edritu. Gloria eterna a los h\u00e9roes.\n\t\t\t\t<\/dd><\/dl><dl class='gallery-item'>\n\t\t\t<dt class='gallery-icon portrait'>\n\t\t\t\t<a href='https:\/\/www.decintivillalon.com\/en\/2018\/02\/16\/homenaje-a-rusia\/yolanda-diaz\/'><img loading=\"lazy\" decoding=\"async\" width=\"150\" height=\"150\" src=\"https:\/\/i0.wp.com\/www.decintivillalon.com\/wp-content\/uploads\/2018\/02\/yolanda-diaz.jpg?resize=150%2C150&amp;ssl=1\" class=\"attachment-thumbnail size-thumbnail\" alt=\"\" aria-describedby=\"gallery-1-7905\" srcset=\"https:\/\/i0.wp.com\/www.decintivillalon.com\/wp-content\/uploads\/2018\/02\/yolanda-diaz.jpg?resize=150%2C150&amp;ssl=1 150w, https:\/\/i0.wp.com\/www.decintivillalon.com\/wp-content\/uploads\/2018\/02\/yolanda-diaz.jpg?zoom=2&amp;resize=150%2C150&amp;ssl=1 300w, https:\/\/i0.wp.com\/www.decintivillalon.com\/wp-content\/uploads\/2018\/02\/yolanda-diaz.jpg?zoom=3&amp;resize=150%2C150&amp;ssl=1 450w\" sizes=\"auto, (max-width: 150px) 100vw, 150px\" data-attachment-id=\"7905\" data-permalink=\"https:\/\/www.decintivillalon.com\/en\/2018\/02\/16\/homenaje-a-rusia\/yolanda-diaz\/\" data-orig-file=\"https:\/\/i0.wp.com\/www.decintivillalon.com\/wp-content\/uploads\/2018\/02\/yolanda-diaz.jpg?fit=892%2C1200&amp;ssl=1\" data-orig-size=\"892,1200\" data-comments-opened=\"0\" data-image-meta=\"{&quot;aperture&quot;:&quot;0&quot;,&quot;credit&quot;:&quot;Picasa&quot;,&quot;camera&quot;:&quot;&quot;,&quot;caption&quot;:&quot;&quot;,&quot;created_timestamp&quot;:&quot;1518823791&quot;,&quot;copyright&quot;:&quot;&quot;,&quot;focal_length&quot;:&quot;0&quot;,&quot;iso&quot;:&quot;0&quot;,&quot;shutter_speed&quot;:&quot;0&quot;,&quot;title&quot;:&quot;&quot;,&quot;orientation&quot;:&quot;0&quot;}\" data-image-title=\"yolanda diaz\" data-image-description=\"\" data-image-caption=\"&lt;p&gt;&lt;\/p&gt;\n\" data-large-file=\"https:\/\/i0.wp.com\/www.decintivillalon.com\/wp-content\/uploads\/2018\/02\/yolanda-diaz.jpg?fit=761%2C1024&amp;ssl=1\" \/><\/a>\n\t\t\t<\/dt>\n\t\t\t\t<dd class='wp-caption-text gallery-caption' id='gallery-1-7905'>\n\t\t\t\t<h5>Yolanda \tD\u00edaz\t<\/h5>\t&#8221;\tTierna mirada\t&#8220;<br>\t\u00d3leo sobre lienzo,\t50 x 65\tcm<br>Cuando vi la serie de retratos de las \u00faltimas tribus del mundo, hecha por uno de los fot\u00f3grafos m\u00e1s consagrados a nivel mundial: Jimmy Nelson, qued\u00e9 atrapada. En especial, me gust\u00f3 una fotograf\u00eda de una madre y su hija. Me encant\u00f3 el contraste entre el fr\u00edo g\u00e9lido del ambiente y el calor de las pieles. El contraste entre las manos duras, trabajadas de la madre y su piel fina y transparente. El contraste  entre los tonos oscuros que dominan el cuadro y la luz de dos caras que se alzan como dos soles gracias a la mirada pura, fuerte de una madre y tierna e ingenua de una ni\u00f1a. Dos mujeres que no necesitan m\u00e1s adornos para ser las protagonistas rotundas de este cuadro. A trav\u00e9s de ellas me llega una imagen de una Rusia menos conocida, diferente, e igualmente inquietante y bella.\n\t\t\t\t<\/dd><\/dl><br style=\"clear: both\" \/><dl class='gallery-item'>\n\t\t\t<dt class='gallery-icon portrait'>\n\t\t\t\t<a href='https:\/\/www.decintivillalon.com\/en\/2018\/02\/16\/homenaje-a-rusia\/marjo\/'><img loading=\"lazy\" decoding=\"async\" width=\"150\" height=\"150\" src=\"https:\/\/i0.wp.com\/www.decintivillalon.com\/wp-content\/uploads\/2018\/02\/marjo.jpg?resize=150%2C150&amp;ssl=1\" class=\"attachment-thumbnail size-thumbnail\" alt=\"\" aria-describedby=\"gallery-1-7888\" srcset=\"https:\/\/i0.wp.com\/www.decintivillalon.com\/wp-content\/uploads\/2018\/02\/marjo.jpg?resize=150%2C150&amp;ssl=1 150w, https:\/\/i0.wp.com\/www.decintivillalon.com\/wp-content\/uploads\/2018\/02\/marjo.jpg?zoom=2&amp;resize=150%2C150&amp;ssl=1 300w, https:\/\/i0.wp.com\/www.decintivillalon.com\/wp-content\/uploads\/2018\/02\/marjo.jpg?zoom=3&amp;resize=150%2C150&amp;ssl=1 450w\" sizes=\"auto, (max-width: 150px) 100vw, 150px\" data-attachment-id=\"7888\" data-permalink=\"https:\/\/www.decintivillalon.com\/en\/2018\/02\/16\/homenaje-a-rusia\/marjo\/\" data-orig-file=\"https:\/\/i0.wp.com\/www.decintivillalon.com\/wp-content\/uploads\/2018\/02\/marjo.jpg?fit=923%2C1200&amp;ssl=1\" data-orig-size=\"923,1200\" data-comments-opened=\"0\" data-image-meta=\"{&quot;aperture&quot;:&quot;5.6&quot;,&quot;credit&quot;:&quot;Picasa&quot;,&quot;camera&quot;:&quot;Canon EOS 400D DIGITAL&quot;,&quot;caption&quot;:&quot;&quot;,&quot;created_timestamp&quot;:&quot;1508445885&quot;,&quot;copyright&quot;:&quot;&quot;,&quot;focal_length&quot;:&quot;54&quot;,&quot;iso&quot;:&quot;100&quot;,&quot;shutter_speed&quot;:&quot;0.3&quot;,&quot;title&quot;:&quot;&quot;,&quot;orientation&quot;:&quot;0&quot;}\" data-image-title=\"marjo\" data-image-description=\"\" data-image-caption=\"&lt;p&gt;&lt;\/p&gt;\n\" data-large-file=\"https:\/\/i0.wp.com\/www.decintivillalon.com\/wp-content\/uploads\/2018\/02\/marjo.jpg?fit=788%2C1024&amp;ssl=1\" \/><\/a>\n\t\t\t<\/dt>\n\t\t\t\t<dd class='wp-caption-text gallery-caption' id='gallery-1-7888'>\n\t\t\t\t<h5>Marjolaine Del Pino<\/h5>\r\n&#8220;Belleza \u00e9tnica&#8221;<br>\r\n\u00d3leo sobre lienzo 50 x 65 cm<br>\r\nRusia es un vasto pa\u00eds, un estado con diversas civilizaciones y etnias que aportan un rico intercambio de influencias culturales. Es un mosaico generado a partir del resultado de su propio desarrollo y el de las pr\u00e1cticas culturales folkl\u00f3ricas como es el de la Republica Federal de Dagestan en el sur oeste de Rusia.\n\t\t\t\t<\/dd><\/dl><dl class='gallery-item'>\n\t\t\t<dt class='gallery-icon portrait'>\n\t\t\t\t<a href='https:\/\/www.decintivillalon.com\/en\/2018\/02\/16\/homenaje-a-rusia\/isabel-calvo-2-2\/'><img loading=\"lazy\" decoding=\"async\" width=\"150\" height=\"150\" src=\"https:\/\/i0.wp.com\/www.decintivillalon.com\/wp-content\/uploads\/2018\/02\/isabel-calvo-2.jpg?resize=150%2C150&amp;ssl=1\" class=\"attachment-thumbnail size-thumbnail\" alt=\"\" aria-describedby=\"gallery-1-7879\" srcset=\"https:\/\/i0.wp.com\/www.decintivillalon.com\/wp-content\/uploads\/2018\/02\/isabel-calvo-2.jpg?resize=150%2C150&amp;ssl=1 150w, https:\/\/i0.wp.com\/www.decintivillalon.com\/wp-content\/uploads\/2018\/02\/isabel-calvo-2.jpg?zoom=2&amp;resize=150%2C150&amp;ssl=1 300w, https:\/\/i0.wp.com\/www.decintivillalon.com\/wp-content\/uploads\/2018\/02\/isabel-calvo-2.jpg?zoom=3&amp;resize=150%2C150&amp;ssl=1 450w\" sizes=\"auto, (max-width: 150px) 100vw, 150px\" data-attachment-id=\"7879\" data-permalink=\"https:\/\/www.decintivillalon.com\/en\/2018\/02\/16\/homenaje-a-rusia\/isabel-calvo-2-2\/\" data-orig-file=\"https:\/\/i0.wp.com\/www.decintivillalon.com\/wp-content\/uploads\/2018\/02\/isabel-calvo-2.jpg?fit=900%2C1200&amp;ssl=1\" data-orig-size=\"900,1200\" data-comments-opened=\"0\" data-image-meta=\"{&quot;aperture&quot;:&quot;1.9&quot;,&quot;credit&quot;:&quot;Picasa&quot;,&quot;camera&quot;:&quot;SM-J510FN&quot;,&quot;caption&quot;:&quot;&quot;,&quot;created_timestamp&quot;:&quot;1518721562&quot;,&quot;copyright&quot;:&quot;&quot;,&quot;focal_length&quot;:&quot;3.7&quot;,&quot;iso&quot;:&quot;160&quot;,&quot;shutter_speed&quot;:&quot;0.05&quot;,&quot;title&quot;:&quot;&quot;,&quot;orientation&quot;:&quot;0&quot;}\" data-image-title=\"isabel calvo 2\" data-image-description=\"\" data-image-caption=\"&lt;p&gt;&lt;\/p&gt;\n\" data-large-file=\"https:\/\/i0.wp.com\/www.decintivillalon.com\/wp-content\/uploads\/2018\/02\/isabel-calvo-2.jpg?fit=768%2C1024&amp;ssl=1\" \/><\/a>\n\t\t\t<\/dt>\n\t\t\t\t<dd class='wp-caption-text gallery-caption' id='gallery-1-7879'>\n\t\t\t\t<h5>\tIsabel\tCalvo\t<\/h5>\t&#8221;\tLa Novia\t&#8220;<br>\t\u00d3leo sobre lienzo,\t50 x 50\tcm<br>La Iglesia Ortodoxa es la mayor de las Iglesias orientales del mundo.\r\nLa catedral del Cristo Salvador en Mosc\u00fa es la m\u00e1s grande de todos los templos ortodoxos.\n\t\t\t\t<\/dd><\/dl><br style=\"clear: both\" \/><dl class='gallery-item'>\n\t\t\t<dt class='gallery-icon portrait'>\n\t\t\t\t<a href='https:\/\/www.decintivillalon.com\/en\/2018\/02\/16\/homenaje-a-rusia\/olga-sanchez-3\/'><img loading=\"lazy\" decoding=\"async\" width=\"150\" height=\"150\" src=\"https:\/\/i0.wp.com\/www.decintivillalon.com\/wp-content\/uploads\/2018\/02\/Olga-Sanchez.jpg?resize=150%2C150&amp;ssl=1\" class=\"attachment-thumbnail size-thumbnail\" alt=\"\" aria-describedby=\"gallery-1-7890\" srcset=\"https:\/\/i0.wp.com\/www.decintivillalon.com\/wp-content\/uploads\/2018\/02\/Olga-Sanchez.jpg?resize=150%2C150&amp;ssl=1 150w, https:\/\/i0.wp.com\/www.decintivillalon.com\/wp-content\/uploads\/2018\/02\/Olga-Sanchez.jpg?zoom=2&amp;resize=150%2C150&amp;ssl=1 300w, https:\/\/i0.wp.com\/www.decintivillalon.com\/wp-content\/uploads\/2018\/02\/Olga-Sanchez.jpg?zoom=3&amp;resize=150%2C150&amp;ssl=1 450w\" sizes=\"auto, (max-width: 150px) 100vw, 150px\" data-attachment-id=\"7890\" data-permalink=\"https:\/\/www.decintivillalon.com\/en\/2018\/02\/16\/homenaje-a-rusia\/olga-sanchez-3\/\" data-orig-file=\"https:\/\/i0.wp.com\/www.decintivillalon.com\/wp-content\/uploads\/2018\/02\/Olga-Sanchez.jpg?fit=897%2C1200&amp;ssl=1\" data-orig-size=\"897,1200\" data-comments-opened=\"0\" data-image-meta=\"{&quot;aperture&quot;:&quot;2.4&quot;,&quot;credit&quot;:&quot;Picasa&quot;,&quot;camera&quot;:&quot;iPad Air&quot;,&quot;caption&quot;:&quot;&quot;,&quot;created_timestamp&quot;:&quot;1517944640&quot;,&quot;copyright&quot;:&quot;&quot;,&quot;focal_length&quot;:&quot;3.3&quot;,&quot;iso&quot;:&quot;125&quot;,&quot;shutter_speed&quot;:&quot;0.04&quot;,&quot;title&quot;:&quot;&quot;,&quot;orientation&quot;:&quot;0&quot;}\" data-image-title=\"Olga Sanchez\" data-image-description=\"\" data-image-caption=\"&lt;p&gt;&lt;\/p&gt;\n\" data-large-file=\"https:\/\/i0.wp.com\/www.decintivillalon.com\/wp-content\/uploads\/2018\/02\/Olga-Sanchez.jpg?fit=765%2C1024&amp;ssl=1\" \/><\/a>\n\t\t\t<\/dt>\n\t\t\t\t<dd class='wp-caption-text gallery-caption' id='gallery-1-7890'>\n\t\t\t\t<h5>Olga S\u00e1nchez<\/h5>\r\n&#8220;Kokoshnik&#8221;<br>\r\n\u00d3leo sobre lienzo 50 x 65 cm<br>\r\nT\u00edpico tocado del traje regional tradicional femenino de Rusia. Fue durante mucho tiempo un s\u00edmbolo de la moda rusa.\r\nEs un tipo de Diadema en el que se han inspirado las tiaras m\u00e1s espectaculares (en joyer\u00eda) de la realeza europea.\n\t\t\t\t<\/dd><\/dl><dl class='gallery-item'>\n\t\t\t<dt class='gallery-icon portrait'>\n\t\t\t\t<a href='https:\/\/www.decintivillalon.com\/en\/2018\/02\/16\/homenaje-a-rusia\/charo-zurbano-2\/'><img loading=\"lazy\" decoding=\"async\" width=\"150\" height=\"150\" src=\"https:\/\/i0.wp.com\/www.decintivillalon.com\/wp-content\/uploads\/2018\/02\/charo-zurbano.jpg?resize=150%2C150&amp;ssl=1\" class=\"attachment-thumbnail size-thumbnail\" alt=\"\" aria-describedby=\"gallery-1-7901\" srcset=\"https:\/\/i0.wp.com\/www.decintivillalon.com\/wp-content\/uploads\/2018\/02\/charo-zurbano.jpg?resize=150%2C150&amp;ssl=1 150w, https:\/\/i0.wp.com\/www.decintivillalon.com\/wp-content\/uploads\/2018\/02\/charo-zurbano.jpg?zoom=2&amp;resize=150%2C150&amp;ssl=1 300w, https:\/\/i0.wp.com\/www.decintivillalon.com\/wp-content\/uploads\/2018\/02\/charo-zurbano.jpg?zoom=3&amp;resize=150%2C150&amp;ssl=1 450w\" sizes=\"auto, (max-width: 150px) 100vw, 150px\" data-attachment-id=\"7901\" data-permalink=\"https:\/\/www.decintivillalon.com\/en\/2018\/02\/16\/homenaje-a-rusia\/charo-zurbano-2\/\" data-orig-file=\"https:\/\/i0.wp.com\/www.decintivillalon.com\/wp-content\/uploads\/2018\/02\/charo-zurbano.jpg?fit=874%2C1166&amp;ssl=1\" data-orig-size=\"874,1166\" data-comments-opened=\"0\" data-image-meta=\"{&quot;aperture&quot;:&quot;0&quot;,&quot;credit&quot;:&quot;Picasa&quot;,&quot;camera&quot;:&quot;&quot;,&quot;caption&quot;:&quot;&quot;,&quot;created_timestamp&quot;:&quot;1518823839&quot;,&quot;copyright&quot;:&quot;&quot;,&quot;focal_length&quot;:&quot;0&quot;,&quot;iso&quot;:&quot;0&quot;,&quot;shutter_speed&quot;:&quot;0&quot;,&quot;title&quot;:&quot;&quot;,&quot;orientation&quot;:&quot;0&quot;}\" data-image-title=\"charo zurbano\" data-image-description=\"\" data-image-caption=\"&lt;p&gt;&lt;\/p&gt;\n\" data-large-file=\"https:\/\/i0.wp.com\/www.decintivillalon.com\/wp-content\/uploads\/2018\/02\/charo-zurbano.jpg?fit=768%2C1024&amp;ssl=1\" \/><\/a>\n\t\t\t<\/dt>\n\t\t\t\t<dd class='wp-caption-text gallery-caption' id='gallery-1-7901'>\n\t\t\t\t<h5>\tCharo \tZurbano\t<\/h5>\t&#8221;\tAnna P\u00e1vlovna\t&#8220;<br>\t\u00d3leo sobre lienzo,\t50 x 65\tcm<br>Anna P\u00e1vlova, famosa bailarina de ballet rusa de inicios del \r\nsiglo XX. Estudi\u00f3 en el Teatro Mariinsky.\r\nRecorri\u00f3 Europa en 1909 y m\u00e1s tarde fund\u00f3 su propia compa\u00f1ia. Aport\u00f3 \r\nmuchas innovaciones creadoras.\r\nSu n\u00famero m\u00e1s famoso fu\u00e9 &#8220;LA MUERTE DEL CISNE&#8221;, con m\u00fasica de\r\nCamille Saint-Sa\u00ebns.\n\t\t\t\t<\/dd><\/dl><br style=\"clear: both\" \/><dl class='gallery-item'>\n\t\t\t<dt class='gallery-icon landscape'>\n\t\t\t\t<a href='https:\/\/www.decintivillalon.com\/en\/2018\/02\/16\/homenaje-a-rusia\/jeannette\/'><img loading=\"lazy\" decoding=\"async\" width=\"150\" height=\"150\" src=\"https:\/\/i0.wp.com\/www.decintivillalon.com\/wp-content\/uploads\/2018\/02\/Jeannette.jpg?resize=150%2C150&amp;ssl=1\" class=\"attachment-thumbnail size-thumbnail\" alt=\"\" aria-describedby=\"gallery-1-7880\" srcset=\"https:\/\/i0.wp.com\/www.decintivillalon.com\/wp-content\/uploads\/2018\/02\/Jeannette.jpg?resize=150%2C150&amp;ssl=1 150w, https:\/\/i0.wp.com\/www.decintivillalon.com\/wp-content\/uploads\/2018\/02\/Jeannette.jpg?zoom=2&amp;resize=150%2C150&amp;ssl=1 300w, https:\/\/i0.wp.com\/www.decintivillalon.com\/wp-content\/uploads\/2018\/02\/Jeannette.jpg?zoom=3&amp;resize=150%2C150&amp;ssl=1 450w\" sizes=\"auto, (max-width: 150px) 100vw, 150px\" data-attachment-id=\"7880\" data-permalink=\"https:\/\/www.decintivillalon.com\/en\/2018\/02\/16\/homenaje-a-rusia\/jeannette\/\" data-orig-file=\"https:\/\/i0.wp.com\/www.decintivillalon.com\/wp-content\/uploads\/2018\/02\/Jeannette.jpg?fit=640%2C480&amp;ssl=1\" data-orig-size=\"640,480\" data-comments-opened=\"0\" data-image-meta=\"{&quot;aperture&quot;:&quot;2.2&quot;,&quot;credit&quot;:&quot;Picasa&quot;,&quot;camera&quot;:&quot;iPhone SE&quot;,&quot;caption&quot;:&quot;&quot;,&quot;created_timestamp&quot;:&quot;1518417886&quot;,&quot;copyright&quot;:&quot;&quot;,&quot;focal_length&quot;:&quot;4.15&quot;,&quot;iso&quot;:&quot;25&quot;,&quot;shutter_speed&quot;:&quot;0.028571428571429&quot;,&quot;title&quot;:&quot;&quot;,&quot;orientation&quot;:&quot;0&quot;}\" data-image-title=\"Jeannette\" data-image-description=\"\" data-image-caption=\"&lt;p&gt;&lt;\/p&gt;\n\" data-large-file=\"https:\/\/i0.wp.com\/www.decintivillalon.com\/wp-content\/uploads\/2018\/02\/Jeannette.jpg?fit=640%2C480&amp;ssl=1\" \/><\/a>\n\t\t\t<\/dt>\n\t\t\t\t<dd class='wp-caption-text gallery-caption' id='gallery-1-7880'>\n\t\t\t\t<h5>\tJeanette\tAlfau\t<\/h5>\t&#8221;\tPrima Ballerina Assoluta\t&#8220;<br>\t\u00d3leo sobre lienzo,\t65 x 50\tcm<br>En el lienzo, Maya Plis\u00e9tskaya, el gran cisne del ballet cl\u00e1sico, ocupa un primer plano,\r\nbailando sobre un tejado \u201cla Muerte del Cisne\u201d. En la escena se observa el carisma y el dram\u00e1tico estilo de bailar de Maya, sus brazos tocando el cielo, para recordarnos una vez m\u00e1s que era el \u201ccuerpo que esculp\u00eda el aire\u201d.\r\nEn el fondo su Mosc\u00fa natal, donde se observa a los lejos, entre otros monumentos, el Kremlin (patrimonio cultural de la humanidad) y la Iglesia de San Basilio. Todo esto arropado por un cielo con nubes caminando sobre el aire, nubes que ti\u00f1en el cielo con una gama de malvas.\n\t\t\t\t<\/dd><\/dl><dl class='gallery-item'>\n\t\t\t<dt class='gallery-icon landscape'>\n\t\t\t\t<a href='https:\/\/www.decintivillalon.com\/en\/2018\/02\/16\/homenaje-a-rusia\/maercedes-martin-2\/'><img loading=\"lazy\" decoding=\"async\" width=\"150\" height=\"150\" src=\"https:\/\/i0.wp.com\/www.decintivillalon.com\/wp-content\/uploads\/2018\/02\/maercedes-martin-2.jpg?resize=150%2C150&amp;ssl=1\" class=\"attachment-thumbnail size-thumbnail\" alt=\"\" aria-describedby=\"gallery-1-7908\" srcset=\"https:\/\/i0.wp.com\/www.decintivillalon.com\/wp-content\/uploads\/2018\/02\/maercedes-martin-2.jpg?resize=150%2C150&amp;ssl=1 150w, https:\/\/i0.wp.com\/www.decintivillalon.com\/wp-content\/uploads\/2018\/02\/maercedes-martin-2.jpg?zoom=2&amp;resize=150%2C150&amp;ssl=1 300w, https:\/\/i0.wp.com\/www.decintivillalon.com\/wp-content\/uploads\/2018\/02\/maercedes-martin-2.jpg?zoom=3&amp;resize=150%2C150&amp;ssl=1 450w\" sizes=\"auto, (max-width: 150px) 100vw, 150px\" data-attachment-id=\"7908\" data-permalink=\"https:\/\/www.decintivillalon.com\/en\/2018\/02\/16\/homenaje-a-rusia\/maercedes-martin-2\/\" data-orig-file=\"https:\/\/i0.wp.com\/www.decintivillalon.com\/wp-content\/uploads\/2018\/02\/maercedes-martin-2.jpg?fit=640%2C588&amp;ssl=1\" data-orig-size=\"640,588\" data-comments-opened=\"0\" data-image-meta=\"{&quot;aperture&quot;:&quot;0&quot;,&quot;credit&quot;:&quot;&quot;,&quot;camera&quot;:&quot;&quot;,&quot;caption&quot;:&quot;&quot;,&quot;created_timestamp&quot;:&quot;0&quot;,&quot;copyright&quot;:&quot;&quot;,&quot;focal_length&quot;:&quot;0&quot;,&quot;iso&quot;:&quot;0&quot;,&quot;shutter_speed&quot;:&quot;0&quot;,&quot;title&quot;:&quot;&quot;,&quot;orientation&quot;:&quot;1&quot;}\" data-image-title=\"maercedes martin 2\" data-image-description=\"\" data-image-caption=\"&lt;p&gt;&lt;\/p&gt;\n\" data-large-file=\"https:\/\/i0.wp.com\/www.decintivillalon.com\/wp-content\/uploads\/2018\/02\/maercedes-martin-2.jpg?fit=640%2C588&amp;ssl=1\" \/><\/a>\n\t\t\t<\/dt>\n\t\t\t\t<dd class='wp-caption-text gallery-caption' id='gallery-1-7908'>\n\t\t\t\t<h5>\tMercedes\tMart\u00edn<\/h5>\t&#8221;\tMujer rusa: La rosa de la nieve.\t&#8220;<br>\t\u00d3leo sobre lienzo,\t50 x 50\tcm<br>Recuerdo aquel m\u00e1gico instante:\r\nApareciste frente a m\u00ed\r\nComo visi\u00f3n fugaz\r\nCual genio de la belleza pura.\r\n\u2026..\r\nComo visi\u00f3n fugaz\r\nCual genio m\u00e1s puro de belleza.\r\nPulsa encantado el coraz\u00f3n\r\nPara \u00e9l nacieron otra vez\r\nDivinidad e inspiraci\u00f3n\r\nY vida y l\u00e1grimas y amor.\r\n(Alexander Pushkin)\n\t\t\t\t<\/dd><\/dl><br style=\"clear: both\" \/><dl class='gallery-item'>\n\t\t\t<dt class='gallery-icon landscape'>\n\t\t\t\t<a href='https:\/\/www.decintivillalon.com\/en\/2018\/02\/16\/homenaje-a-rusia\/sonia-fernandez-6\/'><img loading=\"lazy\" decoding=\"async\" width=\"150\" height=\"150\" src=\"https:\/\/i0.wp.com\/www.decintivillalon.com\/wp-content\/uploads\/2018\/02\/sonia-fernandez.jpg?resize=150%2C150&amp;ssl=1\" class=\"attachment-thumbnail size-thumbnail\" alt=\"\" aria-describedby=\"gallery-1-7903\" srcset=\"https:\/\/i0.wp.com\/www.decintivillalon.com\/wp-content\/uploads\/2018\/02\/sonia-fernandez.jpg?resize=150%2C150&amp;ssl=1 150w, https:\/\/i0.wp.com\/www.decintivillalon.com\/wp-content\/uploads\/2018\/02\/sonia-fernandez.jpg?zoom=2&amp;resize=150%2C150&amp;ssl=1 300w, https:\/\/i0.wp.com\/www.decintivillalon.com\/wp-content\/uploads\/2018\/02\/sonia-fernandez.jpg?zoom=3&amp;resize=150%2C150&amp;ssl=1 450w\" sizes=\"auto, (max-width: 150px) 100vw, 150px\" data-attachment-id=\"7903\" data-permalink=\"https:\/\/www.decintivillalon.com\/en\/2018\/02\/16\/homenaje-a-rusia\/sonia-fernandez-6\/\" data-orig-file=\"https:\/\/i0.wp.com\/www.decintivillalon.com\/wp-content\/uploads\/2018\/02\/sonia-fernandez.jpg?fit=1200%2C1185&amp;ssl=1\" data-orig-size=\"1200,1185\" data-comments-opened=\"0\" data-image-meta=\"{&quot;aperture&quot;:&quot;0&quot;,&quot;credit&quot;:&quot;Picasa&quot;,&quot;camera&quot;:&quot;&quot;,&quot;caption&quot;:&quot;&quot;,&quot;created_timestamp&quot;:&quot;1518822937&quot;,&quot;copyright&quot;:&quot;&quot;,&quot;focal_length&quot;:&quot;0&quot;,&quot;iso&quot;:&quot;0&quot;,&quot;shutter_speed&quot;:&quot;0&quot;,&quot;title&quot;:&quot;&quot;,&quot;orientation&quot;:&quot;0&quot;}\" data-image-title=\"sonia fernandez\" data-image-description=\"\" data-image-caption=\"&lt;p&gt;&lt;\/p&gt;\n\" data-large-file=\"https:\/\/i0.wp.com\/www.decintivillalon.com\/wp-content\/uploads\/2018\/02\/sonia-fernandez.jpg?fit=1024%2C1011&amp;ssl=1\" \/><\/a>\n\t\t\t<\/dt>\n\t\t\t\t<dd class='wp-caption-text gallery-caption' id='gallery-1-7903'>\n\t\t\t\t<h5>\tSonia \tFern\u00e1ndez\t<\/h5>\t&#8221;\tIcono\t&#8220;<br>\t\u00d3leo sobre lienzo,\t50 x 50\tcm<br>La iglesia ortodoxa rusa utiliza los iconos en el culto y la ense\u00f1anza. Se cre\u00eda que los iconos estaban imbuidos del poder del santo representado y por ello se invocaba su protecci\u00f3n en tiempos de guerra. En el centro de este icono se encuentra la Virgen Mar\u00eda y el Ni\u00f1o Jes\u00fas; y en un lejano segundo plano, los dos arc\u00e1ngeles Miguel y Gabriel con los instrumentos de la Pasi\u00f3n, muestra de sus sufrimientos futuros. Al contemplar esta dram\u00e1tica visi\u00f3n, el Ni\u00f1o, en su condici\u00f3n de hombre mortal, se asusta y se estremece y en un brusco movimiento busca socorro en los brazos de su Madre.\n\t\t\t\t<\/dd><\/dl><dl class='gallery-item'>\n\t\t\t<dt class='gallery-icon portrait'>\n\t\t\t\t<a href='https:\/\/www.decintivillalon.com\/en\/2018\/02\/16\/homenaje-a-rusia\/ana-rubio-2\/'><img loading=\"lazy\" decoding=\"async\" width=\"150\" height=\"150\" src=\"https:\/\/i0.wp.com\/www.decintivillalon.com\/wp-content\/uploads\/2018\/02\/Ana-Rubio.jpg?resize=150%2C150&amp;ssl=1\" class=\"attachment-thumbnail size-thumbnail\" alt=\"\" aria-describedby=\"gallery-1-7870\" srcset=\"https:\/\/i0.wp.com\/www.decintivillalon.com\/wp-content\/uploads\/2018\/02\/Ana-Rubio.jpg?resize=150%2C150&amp;ssl=1 150w, https:\/\/i0.wp.com\/www.decintivillalon.com\/wp-content\/uploads\/2018\/02\/Ana-Rubio.jpg?zoom=2&amp;resize=150%2C150&amp;ssl=1 300w, https:\/\/i0.wp.com\/www.decintivillalon.com\/wp-content\/uploads\/2018\/02\/Ana-Rubio.jpg?zoom=3&amp;resize=150%2C150&amp;ssl=1 450w\" sizes=\"auto, (max-width: 150px) 100vw, 150px\" data-attachment-id=\"7870\" data-permalink=\"https:\/\/www.decintivillalon.com\/en\/2018\/02\/16\/homenaje-a-rusia\/ana-rubio-2\/\" data-orig-file=\"https:\/\/i0.wp.com\/www.decintivillalon.com\/wp-content\/uploads\/2018\/02\/Ana-Rubio.jpg?fit=1117%2C1200&amp;ssl=1\" data-orig-size=\"1117,1200\" data-comments-opened=\"0\" data-image-meta=\"{&quot;aperture&quot;:&quot;1.9&quot;,&quot;credit&quot;:&quot;Picasa&quot;,&quot;camera&quot;:&quot;SM-J500FN&quot;,&quot;caption&quot;:&quot;&quot;,&quot;created_timestamp&quot;:&quot;1518265621&quot;,&quot;copyright&quot;:&quot;&quot;,&quot;focal_length&quot;:&quot;3.7&quot;,&quot;iso&quot;:&quot;80&quot;,&quot;shutter_speed&quot;:&quot;0.03030303030303&quot;,&quot;title&quot;:&quot;&quot;,&quot;orientation&quot;:&quot;0&quot;}\" data-image-title=\"Ana Rubio\" data-image-description=\"\" data-image-caption=\"&lt;p&gt;&lt;\/p&gt;\n\" data-large-file=\"https:\/\/i0.wp.com\/www.decintivillalon.com\/wp-content\/uploads\/2018\/02\/Ana-Rubio.jpg?fit=953%2C1024&amp;ssl=1\" \/><\/a>\n\t\t\t<\/dt>\n\t\t\t\t<dd class='wp-caption-text gallery-caption' id='gallery-1-7870'>\n\t\t\t\t<h5>\tAna\tRubio\t<\/h5>\t&#8221;\tMatrioskas\t&#8220;<br>\t\u00d3leo sobre lienzo,\t50 x 50\tcm<br>Si alguien te regala una matrioska y adem\u00e1s conoce su significado, te est\u00e1 regalando su cari\u00f1o y amor en forma de mu\u00f1eca. La leyenda sobre la historia de estas mu\u00f1ecas est\u00e1 vinculada al libro de Dimiter Inkiow, en el que se cuenta que el carpintero Serghei sal\u00eda todas las ma\u00f1anas al bosque y en una de las fr\u00edas madrugadas rusas encontr\u00f3 un trozo de madera muy bonito, estuvo pensando durante mucho tiempo que tallar y al final se decidi\u00f3 por una mu\u00f1eca a la que llamo Matrioska.\n\t\t\t\t<\/dd><\/dl><br style=\"clear: both\" \/><dl class='gallery-item'>\n\t\t\t<dt class='gallery-icon landscape'>\n\t\t\t\t<a href='https:\/\/www.decintivillalon.com\/en\/2018\/02\/16\/homenaje-a-rusia\/_mg_5370\/'><img loading=\"lazy\" decoding=\"async\" width=\"150\" height=\"150\" src=\"https:\/\/i0.wp.com\/www.decintivillalon.com\/wp-content\/uploads\/2018\/02\/MG_5370.jpg?resize=150%2C150&amp;ssl=1\" class=\"attachment-thumbnail size-thumbnail\" alt=\"\" aria-describedby=\"gallery-1-7862\" srcset=\"https:\/\/i0.wp.com\/www.decintivillalon.com\/wp-content\/uploads\/2018\/02\/MG_5370.jpg?resize=150%2C150&amp;ssl=1 150w, https:\/\/i0.wp.com\/www.decintivillalon.com\/wp-content\/uploads\/2018\/02\/MG_5370.jpg?zoom=2&amp;resize=150%2C150&amp;ssl=1 300w, https:\/\/i0.wp.com\/www.decintivillalon.com\/wp-content\/uploads\/2018\/02\/MG_5370.jpg?zoom=3&amp;resize=150%2C150&amp;ssl=1 450w\" sizes=\"auto, (max-width: 150px) 100vw, 150px\" data-attachment-id=\"7862\" data-permalink=\"https:\/\/www.decintivillalon.com\/en\/2018\/02\/16\/homenaje-a-rusia\/_mg_5370\/\" data-orig-file=\"https:\/\/i0.wp.com\/www.decintivillalon.com\/wp-content\/uploads\/2018\/02\/MG_5370.jpg?fit=1200%2C914&amp;ssl=1\" data-orig-size=\"1200,914\" data-comments-opened=\"0\" data-image-meta=\"{&quot;aperture&quot;:&quot;0&quot;,&quot;credit&quot;:&quot;Picasa&quot;,&quot;camera&quot;:&quot;&quot;,&quot;caption&quot;:&quot;&quot;,&quot;created_timestamp&quot;:&quot;1518762459&quot;,&quot;copyright&quot;:&quot;&quot;,&quot;focal_length&quot;:&quot;0&quot;,&quot;iso&quot;:&quot;0&quot;,&quot;shutter_speed&quot;:&quot;0&quot;,&quot;title&quot;:&quot;&quot;,&quot;orientation&quot;:&quot;0&quot;}\" data-image-title=\"_MG_5370\" data-image-description=\"\" data-image-caption=\"&lt;p&gt;&#8221;Valeri gu\u00e9rguiev&#8221;&lt;br \/&gt;\n65  x 50 cm.&lt;br \/&gt;\n\u00f3leo sobre lienzo&lt;br \/&gt;\nValeri Gu\u00e9rguiev es una de las referencias musicales tanto en la Rusia actual como en el&lt;br \/&gt;\n\u00e1mbito internacional. Su actividad como director de orquesta y director art\u00edstico de \u00f3pera&lt;br \/&gt;\nse proyecta junto a las m\u00e1s importantes orquestas y escenarios de Europa y Am\u00e9rica.&lt;br \/&gt;\nDirige con un estilo apasionado apoy\u00e1ndose en su expresiva mirada y en la&lt;br \/&gt;\ncomunicaci\u00f3n gestual para conseguir la implicaci\u00f3n de la orquesta.&lt;\/p&gt;\n\" data-large-file=\"https:\/\/i0.wp.com\/www.decintivillalon.com\/wp-content\/uploads\/2018\/02\/MG_5370.jpg?fit=1024%2C780&amp;ssl=1\" \/><\/a>\n\t\t\t<\/dt>\n\t\t\t\t<dd class='wp-caption-text gallery-caption' id='gallery-1-7862'>\n\t\t\t\t&#8220;Valeri gu\u00e9rguiev&#8221;\r\n65  x 50 cm.\r\n\u00f3leo sobre lienzo\r\nValeri Gu\u00e9rguiev es una de las referencias musicales tanto en la Rusia actual como en el\r\n\u00e1mbito internacional. Su actividad como director de orquesta y director art\u00edstico de \u00f3pera\r\nse proyecta junto a las m\u00e1s importantes orquestas y escenarios de Europa y Am\u00e9rica.\r\nDirige con un estilo apasionado apoy\u00e1ndose en su expresiva mirada y en la\r\ncomunicaci\u00f3n gestual para conseguir la implicaci\u00f3n de la orquesta.\n\t\t\t\t<\/dd><\/dl><dl class='gallery-item'>\n\t\t\t<dt class='gallery-icon portrait'>\n\t\t\t\t<a href='https:\/\/www.decintivillalon.com\/en\/2018\/02\/16\/homenaje-a-rusia\/beatri-olabarria\/'><img loading=\"lazy\" decoding=\"async\" width=\"150\" height=\"150\" src=\"https:\/\/i0.wp.com\/www.decintivillalon.com\/wp-content\/uploads\/2018\/02\/Beatri-Olabarria.jpg?resize=150%2C150&amp;ssl=1\" class=\"attachment-thumbnail size-thumbnail\" alt=\"\" aria-describedby=\"gallery-1-7872\" srcset=\"https:\/\/i0.wp.com\/www.decintivillalon.com\/wp-content\/uploads\/2018\/02\/Beatri-Olabarria.jpg?resize=150%2C150&amp;ssl=1 150w, https:\/\/i0.wp.com\/www.decintivillalon.com\/wp-content\/uploads\/2018\/02\/Beatri-Olabarria.jpg?zoom=2&amp;resize=150%2C150&amp;ssl=1 300w, https:\/\/i0.wp.com\/www.decintivillalon.com\/wp-content\/uploads\/2018\/02\/Beatri-Olabarria.jpg?zoom=3&amp;resize=150%2C150&amp;ssl=1 450w\" sizes=\"auto, (max-width: 150px) 100vw, 150px\" data-attachment-id=\"7872\" data-permalink=\"https:\/\/www.decintivillalon.com\/en\/2018\/02\/16\/homenaje-a-rusia\/beatri-olabarria\/\" data-orig-file=\"https:\/\/i0.wp.com\/www.decintivillalon.com\/wp-content\/uploads\/2018\/02\/Beatri-Olabarria.jpg?fit=923%2C1200&amp;ssl=1\" data-orig-size=\"923,1200\" data-comments-opened=\"0\" data-image-meta=\"{&quot;aperture&quot;:&quot;5&quot;,&quot;credit&quot;:&quot;Picasa&quot;,&quot;camera&quot;:&quot;NIKON D5100&quot;,&quot;caption&quot;:&quot;&quot;,&quot;created_timestamp&quot;:&quot;1518260220&quot;,&quot;copyright&quot;:&quot;&quot;,&quot;focal_length&quot;:&quot;23&quot;,&quot;iso&quot;:&quot;160&quot;,&quot;shutter_speed&quot;:&quot;0.5&quot;,&quot;title&quot;:&quot;&quot;,&quot;orientation&quot;:&quot;0&quot;}\" data-image-title=\"Beatri Olabarria\" data-image-description=\"\" data-image-caption=\"&lt;p&gt;&lt;\/p&gt;\n\" data-large-file=\"https:\/\/i0.wp.com\/www.decintivillalon.com\/wp-content\/uploads\/2018\/02\/Beatri-Olabarria.jpg?fit=788%2C1024&amp;ssl=1\" \/><\/a>\n\t\t\t<\/dt>\n\t\t\t\t<dd class='wp-caption-text gallery-caption' id='gallery-1-7872'>\n\t\t\t\t<h5>\tBeatriz \tOlabarr\u00eda\t<\/h5>\t&#8221;\tEvgeny Kissin\t&#8220;<br>\t\u00d3leo sobre lienzo,\t50 x 65\tcm<br>Considerado uno de los mejores pianistas del mundo, Evgeny Kissin (Mosc\u00fa, 1971), fue lanzado a la escena internacional en 1988 por Herbert von Karajan. Desde entonces, el pianista ruso ha ofrecido numerosos recitales, conquistando al p\u00fablico y la cr\u00edtica de todo el mundo con su virtuosismo y su extraordinaria sensibilidad.\n\t\t\t\t<\/dd><\/dl><br style=\"clear: both\" \/><dl class='gallery-item'>\n\t\t\t<dt class='gallery-icon portrait'>\n\t\t\t\t<a href='https:\/\/www.decintivillalon.com\/en\/2018\/02\/16\/homenaje-a-rusia\/antonio-lopez-2\/'><img loading=\"lazy\" decoding=\"async\" width=\"150\" height=\"150\" src=\"https:\/\/i0.wp.com\/www.decintivillalon.com\/wp-content\/uploads\/2018\/02\/antonio-lopez.jpg?resize=150%2C150&amp;ssl=1\" class=\"attachment-thumbnail size-thumbnail\" alt=\"\" aria-describedby=\"gallery-1-7900\" srcset=\"https:\/\/i0.wp.com\/www.decintivillalon.com\/wp-content\/uploads\/2018\/02\/antonio-lopez.jpg?resize=150%2C150&amp;ssl=1 150w, https:\/\/i0.wp.com\/www.decintivillalon.com\/wp-content\/uploads\/2018\/02\/antonio-lopez.jpg?zoom=2&amp;resize=150%2C150&amp;ssl=1 300w, https:\/\/i0.wp.com\/www.decintivillalon.com\/wp-content\/uploads\/2018\/02\/antonio-lopez.jpg?zoom=3&amp;resize=150%2C150&amp;ssl=1 450w\" sizes=\"auto, (max-width: 150px) 100vw, 150px\" data-attachment-id=\"7900\" data-permalink=\"https:\/\/www.decintivillalon.com\/en\/2018\/02\/16\/homenaje-a-rusia\/antonio-lopez-2\/\" data-orig-file=\"https:\/\/i0.wp.com\/www.decintivillalon.com\/wp-content\/uploads\/2018\/02\/antonio-lopez.jpg?fit=802%2C1200&amp;ssl=1\" data-orig-size=\"802,1200\" data-comments-opened=\"0\" data-image-meta=\"{&quot;aperture&quot;:&quot;0&quot;,&quot;credit&quot;:&quot;Picasa&quot;,&quot;camera&quot;:&quot;&quot;,&quot;caption&quot;:&quot;&quot;,&quot;created_timestamp&quot;:&quot;1518823453&quot;,&quot;copyright&quot;:&quot;&quot;,&quot;focal_length&quot;:&quot;0&quot;,&quot;iso&quot;:&quot;0&quot;,&quot;shutter_speed&quot;:&quot;0&quot;,&quot;title&quot;:&quot;&quot;,&quot;orientation&quot;:&quot;0&quot;}\" data-image-title=\"antonio lopez\" data-image-description=\"\" data-image-caption=\"&lt;p&gt;&lt;\/p&gt;\n\" data-large-file=\"https:\/\/i0.wp.com\/www.decintivillalon.com\/wp-content\/uploads\/2018\/02\/antonio-lopez.jpg?fit=684%2C1024&amp;ssl=1\" \/><\/a>\n\t\t\t<\/dt>\n\t\t\t\t<dd class='wp-caption-text gallery-caption' id='gallery-1-7900'>\n\t\t\t\t<h5>\tAntonio \tL\u00f3pez Vicens\t<\/h5>\t&#8221;\tSergu\u00e9i Rajm\u00e1ninov\t&#8220;<br>\tAcuarela sobre papel,\t35 x 51\tcm<br>Sergu\u00e9i Vas\u00edlievich Rajm\u00e1ninov (1873-1943) fue un compositor, pianista y director de orquesta ruso, uno de los \u00faltimos grandes compositores rom\u00e1nticos de m\u00fasica cl\u00e1sica europea y considerado uno de los pianistas m\u00e1s influyentes del siglo XX.\n\t\t\t\t<\/dd><\/dl><dl class='gallery-item'>\n\t\t\t<dt class='gallery-icon landscape'>\n\t\t\t\t<a href='https:\/\/www.decintivillalon.com\/en\/2018\/02\/16\/homenaje-a-rusia\/ernesto\/'><img loading=\"lazy\" decoding=\"async\" width=\"150\" height=\"150\" src=\"https:\/\/i0.wp.com\/www.decintivillalon.com\/wp-content\/uploads\/2018\/02\/ernesto.jpg?resize=150%2C150&amp;ssl=1\" class=\"attachment-thumbnail size-thumbnail\" alt=\"\" aria-describedby=\"gallery-1-7963\" srcset=\"https:\/\/i0.wp.com\/www.decintivillalon.com\/wp-content\/uploads\/2018\/02\/ernesto.jpg?resize=150%2C150&amp;ssl=1 150w, https:\/\/i0.wp.com\/www.decintivillalon.com\/wp-content\/uploads\/2018\/02\/ernesto.jpg?zoom=2&amp;resize=150%2C150&amp;ssl=1 300w, https:\/\/i0.wp.com\/www.decintivillalon.com\/wp-content\/uploads\/2018\/02\/ernesto.jpg?zoom=3&amp;resize=150%2C150&amp;ssl=1 450w\" sizes=\"auto, (max-width: 150px) 100vw, 150px\" data-attachment-id=\"7963\" data-permalink=\"https:\/\/www.decintivillalon.com\/en\/2018\/02\/16\/homenaje-a-rusia\/ernesto\/\" data-orig-file=\"https:\/\/i0.wp.com\/www.decintivillalon.com\/wp-content\/uploads\/2018\/02\/ernesto.jpg?fit=1200%2C915&amp;ssl=1\" data-orig-size=\"1200,915\" data-comments-opened=\"0\" data-image-meta=\"{&quot;aperture&quot;:&quot;0&quot;,&quot;credit&quot;:&quot;&quot;,&quot;camera&quot;:&quot;&quot;,&quot;caption&quot;:&quot;&quot;,&quot;created_timestamp&quot;:&quot;0&quot;,&quot;copyright&quot;:&quot;&quot;,&quot;focal_length&quot;:&quot;0&quot;,&quot;iso&quot;:&quot;0&quot;,&quot;shutter_speed&quot;:&quot;0&quot;,&quot;title&quot;:&quot;&quot;,&quot;orientation&quot;:&quot;0&quot;}\" data-image-title=\"ernesto\" data-image-description=\"\" data-image-caption=\"&lt;p&gt;&lt;\/p&gt;\n\" data-large-file=\"https:\/\/i0.wp.com\/www.decintivillalon.com\/wp-content\/uploads\/2018\/02\/ernesto.jpg?fit=1024%2C781&amp;ssl=1\" \/><\/a>\n\t\t\t<\/dt>\n\t\t\t\t<dd class='wp-caption-text gallery-caption' id='gallery-1-7963'>\n\t\t\t\t<h5>Ernesto Resendiz<\/h5>\r\n&#8220;Mija\u00edl Bar\u00fdshnikov&#8221;<br>\r\n\u00d3leo sobre lienzo 65 x 50 cm<br>\r\nNaci\u00f3 el 27 de enero de 1948 en Riga (hoy Latvia).\r\n\r\nHijo de un oficial del ej\u00e9rcito y una costurera. Su madre se suicid\u00f3, cuando Mija\u00edl contaba doce a\u00f1os quedando al cuidado de su abuela.\r\n\r\nEn 1967, forma parte del Ballet Kirov.\r\n\r\n\r\nEn 1974, durante una gira por Canad\u00e1 con el Ballet del teatro Bolsh\u00f3i, pidi\u00f3 asilo pol\u00edtico en este pa\u00eds. Alg\u00fan tiempo despu\u00e9s bail\u00f3 en el American Ballet Theatre(desde 1980 hasta 1989) y en el New York City Ballet.\r\n\r\nDentro de su repertorio se puede encontrar un amplio abanico de obras, desde el ballet cl\u00e1sico hasta el ballet moderno\n\t\t\t\t<\/dd><\/dl><br style=\"clear: both\" \/><dl class='gallery-item'>\n\t\t\t<dt class='gallery-icon portrait'>\n\t\t\t\t<a href='https:\/\/www.decintivillalon.com\/en\/2018\/02\/16\/homenaje-a-rusia\/ana-maria-sarmiento\/'><img loading=\"lazy\" decoding=\"async\" width=\"150\" height=\"150\" src=\"https:\/\/i0.wp.com\/www.decintivillalon.com\/wp-content\/uploads\/2018\/02\/ana-maria-sarmiento-e1558516812679.jpg?resize=150%2C150&amp;ssl=1\" class=\"attachment-thumbnail size-thumbnail\" alt=\"\" aria-describedby=\"gallery-1-7950\" data-attachment-id=\"7950\" data-permalink=\"https:\/\/www.decintivillalon.com\/en\/2018\/02\/16\/homenaje-a-rusia\/ana-maria-sarmiento\/\" data-orig-file=\"https:\/\/i0.wp.com\/www.decintivillalon.com\/wp-content\/uploads\/2018\/02\/ana-maria-sarmiento-e1558516812679.jpg?fit=900%2C1200&amp;ssl=1\" data-orig-size=\"900,1200\" data-comments-opened=\"0\" data-image-meta=\"{&quot;aperture&quot;:&quot;0&quot;,&quot;credit&quot;:&quot;&quot;,&quot;camera&quot;:&quot;&quot;,&quot;caption&quot;:&quot;&quot;,&quot;created_timestamp&quot;:&quot;0&quot;,&quot;copyright&quot;:&quot;&quot;,&quot;focal_length&quot;:&quot;0&quot;,&quot;iso&quot;:&quot;0&quot;,&quot;shutter_speed&quot;:&quot;0&quot;,&quot;title&quot;:&quot;&quot;,&quot;orientation&quot;:&quot;0&quot;}\" data-image-title=\"ana maria sarmiento\" data-image-description=\"\" data-image-caption=\"&lt;p&gt;&lt;\/p&gt;\n\" data-large-file=\"https:\/\/i0.wp.com\/www.decintivillalon.com\/wp-content\/uploads\/2018\/02\/ana-maria-sarmiento-e1558516812679.jpg?fit=768%2C1024&amp;ssl=1\" \/><\/a>\n\t\t\t<\/dt>\n\t\t\t\t<dd class='wp-caption-text gallery-caption' id='gallery-1-7950'>\n\t\t\t\t<h5>\tAna Maria \tSarmiento\t<\/h5>\t&#8221;\tEl cosaco\t&#8220;<br>\t\u00d3leo sobre tabla,\t50 x 65\tcm<br>Cosaco es el nombre compartido de forma independiente por varios grupos de poblaci\u00f3n y unidades militares en el transcurso de la Historia de la Europa oriental y de los territorios adyacentes. El grupo principal y m\u00e1s numeroso es el de los cosacos rusos de los r\u00edos Don,Kubay,Terak y Ural y el de los cosacos ucranianos. Su imagen me impact\u00f3 por la fuerza y prestancia que emanaba de ella.\n\t\t\t\t<\/dd><\/dl><dl class='gallery-item'>\n\t\t\t<dt class='gallery-icon portrait'>\n\t\t\t\t<a href='https:\/\/www.decintivillalon.com\/en\/2018\/02\/16\/homenaje-a-rusia\/sacramento-garcia-3\/'><img loading=\"lazy\" decoding=\"async\" width=\"150\" height=\"150\" src=\"https:\/\/i0.wp.com\/www.decintivillalon.com\/wp-content\/uploads\/2018\/02\/sacramento-garcia.jpg?resize=150%2C150&amp;ssl=1\" class=\"attachment-thumbnail size-thumbnail\" alt=\"\" aria-describedby=\"gallery-1-7893\" srcset=\"https:\/\/i0.wp.com\/www.decintivillalon.com\/wp-content\/uploads\/2018\/02\/sacramento-garcia.jpg?resize=150%2C150&amp;ssl=1 150w, https:\/\/i0.wp.com\/www.decintivillalon.com\/wp-content\/uploads\/2018\/02\/sacramento-garcia.jpg?zoom=2&amp;resize=150%2C150&amp;ssl=1 300w, https:\/\/i0.wp.com\/www.decintivillalon.com\/wp-content\/uploads\/2018\/02\/sacramento-garcia.jpg?zoom=3&amp;resize=150%2C150&amp;ssl=1 450w\" sizes=\"auto, (max-width: 150px) 100vw, 150px\" data-attachment-id=\"7893\" data-permalink=\"https:\/\/www.decintivillalon.com\/en\/2018\/02\/16\/homenaje-a-rusia\/sacramento-garcia-3\/\" data-orig-file=\"https:\/\/i0.wp.com\/www.decintivillalon.com\/wp-content\/uploads\/2018\/02\/sacramento-garcia.jpg?fit=900%2C1200&amp;ssl=1\" data-orig-size=\"900,1200\" data-comments-opened=\"0\" data-image-meta=\"{&quot;aperture&quot;:&quot;2.4&quot;,&quot;credit&quot;:&quot;Picasa&quot;,&quot;camera&quot;:&quot;iPhone 5c&quot;,&quot;caption&quot;:&quot;&quot;,&quot;created_timestamp&quot;:&quot;1518613421&quot;,&quot;copyright&quot;:&quot;&quot;,&quot;focal_length&quot;:&quot;4.12&quot;,&quot;iso&quot;:&quot;250&quot;,&quot;shutter_speed&quot;:&quot;0.05&quot;,&quot;title&quot;:&quot;&quot;,&quot;orientation&quot;:&quot;0&quot;}\" data-image-title=\"sacramento garcia\" data-image-description=\"\" data-image-caption=\"&lt;p&gt;&lt;\/p&gt;\n\" data-large-file=\"https:\/\/i0.wp.com\/www.decintivillalon.com\/wp-content\/uploads\/2018\/02\/sacramento-garcia.jpg?fit=768%2C1024&amp;ssl=1\" \/><\/a>\n\t\t\t<\/dt>\n\t\t\t\t<dd class='wp-caption-text gallery-caption' id='gallery-1-7893'>\n\t\t\t\t<h5>Sacramento Garc\u00eda<\/h5>\r\n&#8220;Los cosacos&#8221;<br>\r\n\u00d3leo sobre lienzo 50 x 65 cm<br>\r\nDespu\u00e9s de la guerra, el Ej\u00e9rcito Sovi\u00e9tico decidi\u00f3 desprenderse de los cosacos, as\u00ed como de la caballer\u00eda, por considerarlos obsoletos. En los a\u00f1os de postguerra muchos descendientes de cosacos se vieron asimismo como simples campesinos. Aqu\u00e9llos que viv\u00edan en el interior de una rep\u00fablica aut\u00f3noma dejaban frecuentemente el camino libre a la minor\u00eda en cuesti\u00f3n migrando hacia cualquier otro lugar (en muchas ocasiones hacia el B\u00e1ltico).\n\t\t\t\t<\/dd><\/dl><br style=\"clear: both\" \/><dl class='gallery-item'>\n\t\t\t<dt class='gallery-icon portrait'>\n\t\t\t\t<a href='https:\/\/www.decintivillalon.com\/en\/2018\/02\/16\/homenaje-a-rusia\/ivannagautier\/'><img loading=\"lazy\" decoding=\"async\" width=\"150\" height=\"150\" src=\"https:\/\/i0.wp.com\/www.decintivillalon.com\/wp-content\/uploads\/2018\/02\/ivannagautier.jpg?resize=150%2C150&amp;ssl=1\" class=\"attachment-thumbnail size-thumbnail\" alt=\"\" aria-describedby=\"gallery-1-7961\" srcset=\"https:\/\/i0.wp.com\/www.decintivillalon.com\/wp-content\/uploads\/2018\/02\/ivannagautier.jpg?resize=150%2C150&amp;ssl=1 150w, https:\/\/i0.wp.com\/www.decintivillalon.com\/wp-content\/uploads\/2018\/02\/ivannagautier.jpg?zoom=2&amp;resize=150%2C150&amp;ssl=1 300w, https:\/\/i0.wp.com\/www.decintivillalon.com\/wp-content\/uploads\/2018\/02\/ivannagautier.jpg?zoom=3&amp;resize=150%2C150&amp;ssl=1 450w\" sizes=\"auto, (max-width: 150px) 100vw, 150px\" data-attachment-id=\"7961\" data-permalink=\"https:\/\/www.decintivillalon.com\/en\/2018\/02\/16\/homenaje-a-rusia\/ivannagautier\/\" data-orig-file=\"https:\/\/i0.wp.com\/www.decintivillalon.com\/wp-content\/uploads\/2018\/02\/ivannagautier.jpg?fit=923%2C1200&amp;ssl=1\" data-orig-size=\"923,1200\" data-comments-opened=\"0\" data-image-meta=\"{&quot;aperture&quot;:&quot;0&quot;,&quot;credit&quot;:&quot;&quot;,&quot;camera&quot;:&quot;&quot;,&quot;caption&quot;:&quot;&quot;,&quot;created_timestamp&quot;:&quot;0&quot;,&quot;copyright&quot;:&quot;&quot;,&quot;focal_length&quot;:&quot;0&quot;,&quot;iso&quot;:&quot;0&quot;,&quot;shutter_speed&quot;:&quot;0&quot;,&quot;title&quot;:&quot;&quot;,&quot;orientation&quot;:&quot;0&quot;}\" data-image-title=\"ivannagautier\" data-image-description=\"\" data-image-caption=\"&lt;p&gt;&lt;\/p&gt;\n\" data-large-file=\"https:\/\/i0.wp.com\/www.decintivillalon.com\/wp-content\/uploads\/2018\/02\/ivannagautier.jpg?fit=788%2C1024&amp;ssl=1\" \/><\/a>\n\t\t\t<\/dt>\n\t\t\t\t<dd class='wp-caption-text gallery-caption' id='gallery-1-7961'>\n\t\t\t\t<h5>Ivanna Gautier<\/h5>&#8220;Stenograffiya Ekaterimburgo&#8221;<br>\u00d3leo sobre lienzo 50 x 65 cm<br>\r\nEn Ekaterimburgo abunda el street art, seguramente m\u00e1s que en cualquier otra ciudad rusa. Se ha celebrado la quinta edici\u00f3n del festival internacional de arte urbano m\u00e1s veterano e importante de Rusia, Stenograffiya. Donde famosos artistas de toda Rusia y de otros pa\u00edses acudieron a dejar su huella en las calles del centro industrial y cultural de los Urales.\n\t\t\t\t<\/dd><\/dl><dl class='gallery-item'>\n\t\t\t<dt class='gallery-icon portrait'>\n\t\t\t\t<a href='https:\/\/www.decintivillalon.com\/en\/2018\/02\/16\/homenaje-a-rusia\/mercedes-martin-1\/'><img loading=\"lazy\" decoding=\"async\" width=\"150\" height=\"150\" src=\"https:\/\/i0.wp.com\/www.decintivillalon.com\/wp-content\/uploads\/2018\/02\/mercedes-martin-1.jpg?resize=150%2C150&amp;ssl=1\" class=\"attachment-thumbnail size-thumbnail\" alt=\"\" aria-describedby=\"gallery-1-7909\" srcset=\"https:\/\/i0.wp.com\/www.decintivillalon.com\/wp-content\/uploads\/2018\/02\/mercedes-martin-1.jpg?resize=150%2C150&amp;ssl=1 150w, https:\/\/i0.wp.com\/www.decintivillalon.com\/wp-content\/uploads\/2018\/02\/mercedes-martin-1.jpg?zoom=2&amp;resize=150%2C150&amp;ssl=1 300w, https:\/\/i0.wp.com\/www.decintivillalon.com\/wp-content\/uploads\/2018\/02\/mercedes-martin-1.jpg?zoom=3&amp;resize=150%2C150&amp;ssl=1 450w\" sizes=\"auto, (max-width: 150px) 100vw, 150px\" data-attachment-id=\"7909\" data-permalink=\"https:\/\/www.decintivillalon.com\/en\/2018\/02\/16\/homenaje-a-rusia\/mercedes-martin-1\/\" data-orig-file=\"https:\/\/i0.wp.com\/www.decintivillalon.com\/wp-content\/uploads\/2018\/02\/mercedes-martin-1.jpg?fit=462%2C640&amp;ssl=1\" data-orig-size=\"462,640\" data-comments-opened=\"0\" data-image-meta=\"{&quot;aperture&quot;:&quot;0&quot;,&quot;credit&quot;:&quot;&quot;,&quot;camera&quot;:&quot;&quot;,&quot;caption&quot;:&quot;&quot;,&quot;created_timestamp&quot;:&quot;0&quot;,&quot;copyright&quot;:&quot;&quot;,&quot;focal_length&quot;:&quot;0&quot;,&quot;iso&quot;:&quot;0&quot;,&quot;shutter_speed&quot;:&quot;0&quot;,&quot;title&quot;:&quot;&quot;,&quot;orientation&quot;:&quot;1&quot;}\" data-image-title=\"mercedes martin 1\" data-image-description=\"\" data-image-caption=\"&lt;p&gt;&lt;\/p&gt;\n\" data-large-file=\"https:\/\/i0.wp.com\/www.decintivillalon.com\/wp-content\/uploads\/2018\/02\/mercedes-martin-1.jpg?fit=462%2C640&amp;ssl=1\" \/><\/a>\n\t\t\t<\/dt>\n\t\t\t\t<dd class='wp-caption-text gallery-caption' id='gallery-1-7909'>\n\t\t\t\t<h5>\tMercedes\tMart\u00edn<\/h5>\t&#8220;Homenaje a Remenev&#8221;<br>\t\u00d3leo sobre lienzo,\t50 x 65\tcm<br>El realismo m\u00e1gico del pintor ruso Remenev nos envuelve en lo que significa la tradici\u00f3n rusa. La mujer rusa defensora de los valores de la familia tradicional apoya a su hijo siguiendo sus aventuras m\u00e1gicas, sumergi\u00e9ndose con \u00e9l en el coraz\u00f3n de la cultura de los pueblos, de los mares, siendo su h\u00e9roe no s\u00f3lo en la existencia material sino en sus sue\u00f1os juveniles.\n\t\t\t\t<\/dd><\/dl><br style=\"clear: both\" \/><dl class='gallery-item'>\n\t\t\t<dt class='gallery-icon landscape'>\n\t\t\t\t<a href='https:\/\/www.decintivillalon.com\/en\/2018\/02\/16\/homenaje-a-rusia\/jose-gomez-4\/'><img loading=\"lazy\" decoding=\"async\" width=\"150\" height=\"150\" src=\"https:\/\/i0.wp.com\/www.decintivillalon.com\/wp-content\/uploads\/2018\/02\/jose-gomez.jpg?resize=150%2C150&amp;ssl=1\" class=\"attachment-thumbnail size-thumbnail\" alt=\"\" aria-describedby=\"gallery-1-7881\" srcset=\"https:\/\/i0.wp.com\/www.decintivillalon.com\/wp-content\/uploads\/2018\/02\/jose-gomez.jpg?resize=150%2C150&amp;ssl=1 150w, https:\/\/i0.wp.com\/www.decintivillalon.com\/wp-content\/uploads\/2018\/02\/jose-gomez.jpg?zoom=2&amp;resize=150%2C150&amp;ssl=1 300w, https:\/\/i0.wp.com\/www.decintivillalon.com\/wp-content\/uploads\/2018\/02\/jose-gomez.jpg?zoom=3&amp;resize=150%2C150&amp;ssl=1 450w\" sizes=\"auto, (max-width: 150px) 100vw, 150px\" data-attachment-id=\"7881\" data-permalink=\"https:\/\/www.decintivillalon.com\/en\/2018\/02\/16\/homenaje-a-rusia\/jose-gomez-4\/\" data-orig-file=\"https:\/\/i0.wp.com\/www.decintivillalon.com\/wp-content\/uploads\/2018\/02\/jose-gomez.jpg?fit=764%2C662&amp;ssl=1\" data-orig-size=\"764,662\" data-comments-opened=\"0\" data-image-meta=\"{&quot;aperture&quot;:&quot;2.4&quot;,&quot;credit&quot;:&quot;Picasa&quot;,&quot;camera&quot;:&quot;iPad 2&quot;,&quot;caption&quot;:&quot;&quot;,&quot;created_timestamp&quot;:&quot;1507140655&quot;,&quot;copyright&quot;:&quot;&quot;,&quot;focal_length&quot;:&quot;2.03&quot;,&quot;iso&quot;:&quot;320&quot;,&quot;shutter_speed&quot;:&quot;0.058823529411765&quot;,&quot;title&quot;:&quot;&quot;,&quot;orientation&quot;:&quot;0&quot;}\" data-image-title=\"jose gomez\" data-image-description=\"\" data-image-caption=\"&lt;p&gt;&lt;\/p&gt;\n\" data-large-file=\"https:\/\/i0.wp.com\/www.decintivillalon.com\/wp-content\/uploads\/2018\/02\/jose-gomez.jpg?fit=764%2C662&amp;ssl=1\" \/><\/a>\n\t\t\t<\/dt>\n\t\t\t\t<dd class='wp-caption-text gallery-caption' id='gallery-1-7881'>\n\t\t\t\t<h5>Jos\u00e9 G\u00f3mez<\/h5>\t&#8221;\tAl trabajo con alegr\u00eda\t&#8220;<br>\t\u00d3leo sobre lienzo,\t50 x 50\tcm<br>\u00a1 Cu\u00e1n bueno hace al hombre la dicha ! <br>Parece que uno quisiera dar su coraz\u00f3n, su alegr\u00eda.<br> \u00a1 Y la alegr\u00eda es contagiosa!<br>(Fi\u00f3dor Dostoievski)\n\t\t\t\t<\/dd><\/dl><dl class='gallery-item'>\n\t\t\t<dt class='gallery-icon landscape'>\n\t\t\t\t<a href='https:\/\/www.decintivillalon.com\/en\/2018\/02\/16\/homenaje-a-rusia\/inigo-belderain-2\/'><img loading=\"lazy\" decoding=\"async\" width=\"150\" height=\"150\" src=\"https:\/\/i0.wp.com\/www.decintivillalon.com\/wp-content\/uploads\/2018\/02\/Inigo-Belderain-1.jpg?resize=150%2C150&amp;ssl=1\" class=\"attachment-thumbnail size-thumbnail\" alt=\"\" aria-describedby=\"gallery-1-7977\" srcset=\"https:\/\/i0.wp.com\/www.decintivillalon.com\/wp-content\/uploads\/2018\/02\/Inigo-Belderain-1.jpg?resize=150%2C150&amp;ssl=1 150w, https:\/\/i0.wp.com\/www.decintivillalon.com\/wp-content\/uploads\/2018\/02\/Inigo-Belderain-1.jpg?zoom=2&amp;resize=150%2C150&amp;ssl=1 300w, https:\/\/i0.wp.com\/www.decintivillalon.com\/wp-content\/uploads\/2018\/02\/Inigo-Belderain-1.jpg?zoom=3&amp;resize=150%2C150&amp;ssl=1 450w\" sizes=\"auto, (max-width: 150px) 100vw, 150px\" data-attachment-id=\"7977\" data-permalink=\"https:\/\/www.decintivillalon.com\/en\/2018\/02\/16\/homenaje-a-rusia\/inigo-belderain-2\/\" data-orig-file=\"https:\/\/i0.wp.com\/www.decintivillalon.com\/wp-content\/uploads\/2018\/02\/Inigo-Belderain-1.jpg?fit=1200%2C923&amp;ssl=1\" data-orig-size=\"1200,923\" data-comments-opened=\"0\" data-image-meta=\"{&quot;aperture&quot;:&quot;0&quot;,&quot;credit&quot;:&quot;&quot;,&quot;camera&quot;:&quot;&quot;,&quot;caption&quot;:&quot;&quot;,&quot;created_timestamp&quot;:&quot;0&quot;,&quot;copyright&quot;:&quot;&quot;,&quot;focal_length&quot;:&quot;0&quot;,&quot;iso&quot;:&quot;0&quot;,&quot;shutter_speed&quot;:&quot;0&quot;,&quot;title&quot;:&quot;&quot;,&quot;orientation&quot;:&quot;0&quot;}\" data-image-title=\"Inigo-Belderain\" data-image-description=\"\" data-image-caption=\"&lt;p&gt;&lt;\/p&gt;\n\" data-large-file=\"https:\/\/i0.wp.com\/www.decintivillalon.com\/wp-content\/uploads\/2018\/02\/Inigo-Belderain-1.jpg?fit=1024%2C788&amp;ssl=1\" \/><\/a>\n\t\t\t<\/dt>\n\t\t\t\t<dd class='wp-caption-text gallery-caption' id='gallery-1-7977'>\n\t\t\t\t<h5>\tI\u00f1igo\tBelderrain\t<\/h5>\t&#8221;\t500.000 km\t&#8220;<br>\t\u00d3leo sobre lienzo,\t65 x 50 \tcm<br>&#8220;Lada, nombre ruso para las embarcaciones vikingas, es la marca rusa de coches populares desde finales de los a\u00f1os 60, cuando empezaron a fabricar adaptaciones de coches italianos. A\u00fan hoy contin\u00faan en el mercado y mantienen como logotipo de la marca un barco vikingo.Este ejemplar es un Lada VAZ 2101, el coche popular ruso por excelencia, que se fabric\u00f3 desde 1970 hasta 1988 y fue conocido coloquialmente como &#8220;Kopeyka&#8221;, la moneda fraccionaria del rublo.&#8221;\n\t\t\t\t<\/dd><\/dl><br style=\"clear: both\" \/><dl class='gallery-item'>\n\t\t\t<dt class='gallery-icon portrait'>\n\t\t\t\t<a href='https:\/\/www.decintivillalon.com\/en\/2018\/02\/16\/homenaje-a-rusia\/fullsizerender\/'><img loading=\"lazy\" decoding=\"async\" width=\"150\" height=\"150\" src=\"https:\/\/i0.wp.com\/www.decintivillalon.com\/wp-content\/uploads\/2018\/02\/FullSizeRender.jpg?resize=150%2C150&amp;ssl=1\" class=\"attachment-thumbnail size-thumbnail\" alt=\"\" aria-describedby=\"gallery-1-7902\" srcset=\"https:\/\/i0.wp.com\/www.decintivillalon.com\/wp-content\/uploads\/2018\/02\/FullSizeRender.jpg?w=1199&amp;ssl=1 1199w, https:\/\/i0.wp.com\/www.decintivillalon.com\/wp-content\/uploads\/2018\/02\/FullSizeRender.jpg?resize=150%2C150&amp;ssl=1 150w, https:\/\/i0.wp.com\/www.decintivillalon.com\/wp-content\/uploads\/2018\/02\/FullSizeRender.jpg?resize=300%2C300&amp;ssl=1 300w, https:\/\/i0.wp.com\/www.decintivillalon.com\/wp-content\/uploads\/2018\/02\/FullSizeRender.jpg?resize=768%2C769&amp;ssl=1 768w, https:\/\/i0.wp.com\/www.decintivillalon.com\/wp-content\/uploads\/2018\/02\/FullSizeRender.jpg?resize=1024%2C1024&amp;ssl=1 1024w\" sizes=\"auto, (max-width: 150px) 100vw, 150px\" data-attachment-id=\"7902\" data-permalink=\"https:\/\/www.decintivillalon.com\/en\/2018\/02\/16\/homenaje-a-rusia\/fullsizerender\/\" data-orig-file=\"https:\/\/i0.wp.com\/www.decintivillalon.com\/wp-content\/uploads\/2018\/02\/FullSizeRender.jpg?fit=1199%2C1200&amp;ssl=1\" data-orig-size=\"1199,1200\" data-comments-opened=\"0\" data-image-meta=\"{&quot;aperture&quot;:&quot;2.4&quot;,&quot;credit&quot;:&quot;Picasa&quot;,&quot;camera&quot;:&quot;iPhone 4S&quot;,&quot;caption&quot;:&quot;&quot;,&quot;created_timestamp&quot;:&quot;1518609804&quot;,&quot;copyright&quot;:&quot;&quot;,&quot;focal_length&quot;:&quot;4.28&quot;,&quot;iso&quot;:&quot;100&quot;,&quot;shutter_speed&quot;:&quot;0.05&quot;,&quot;title&quot;:&quot;&quot;,&quot;orientation&quot;:&quot;0&quot;}\" data-image-title=\"FullSizeRender\" data-image-description=\"\" data-image-caption=\"&lt;p&gt;&lt;\/p&gt;\n\" data-large-file=\"https:\/\/i0.wp.com\/www.decintivillalon.com\/wp-content\/uploads\/2018\/02\/FullSizeRender.jpg?fit=1024%2C1024&amp;ssl=1\" \/><\/a>\n\t\t\t<\/dt>\n\t\t\t\t<dd class='wp-caption-text gallery-caption' id='gallery-1-7902'>\n\t\t\t\t<h5>Rosa Colmenar<\/h5>\r\n&#8220;El transiberiano&#8221; <br>\r\n\u00d3leo sobre lienzo 50 x 50 cm<br>\r\nEl ferrocarril transiberiano es una red ferroviaria, que conecta la Rusia europea con las provincias del lejano Oriente ruso, Mongolia y China. La ruta principal fue inaugurada tras trece a\u00f1os de trabajo, el 21 de Julio de 1904, con una extensi\u00f3n de 9.288 Km. Esta v\u00eda, que atraviesa ocho zonas horarias y cuyo recorrido demanda cerca de 6 d\u00edas de viaje, constituye el servicio m\u00e1s largo del mundo.\n\t\t\t\t<\/dd><\/dl><dl class='gallery-item'>\n\t\t\t<dt class='gallery-icon portrait'>\n\t\t\t\t<a href='https:\/\/www.decintivillalon.com\/en\/2018\/02\/16\/homenaje-a-rusia\/elena-abreu-2-2\/'><img loading=\"lazy\" decoding=\"async\" width=\"150\" height=\"150\" src=\"https:\/\/i0.wp.com\/www.decintivillalon.com\/wp-content\/uploads\/2018\/02\/elena-abreu-2.jpg?resize=150%2C150&amp;ssl=1\" class=\"attachment-thumbnail size-thumbnail\" alt=\"\" aria-describedby=\"gallery-1-7972\" srcset=\"https:\/\/i0.wp.com\/www.decintivillalon.com\/wp-content\/uploads\/2018\/02\/elena-abreu-2.jpg?resize=150%2C150&amp;ssl=1 150w, https:\/\/i0.wp.com\/www.decintivillalon.com\/wp-content\/uploads\/2018\/02\/elena-abreu-2.jpg?zoom=2&amp;resize=150%2C150&amp;ssl=1 300w, https:\/\/i0.wp.com\/www.decintivillalon.com\/wp-content\/uploads\/2018\/02\/elena-abreu-2.jpg?zoom=3&amp;resize=150%2C150&amp;ssl=1 450w\" sizes=\"auto, (max-width: 150px) 100vw, 150px\" data-attachment-id=\"7972\" data-permalink=\"https:\/\/www.decintivillalon.com\/en\/2018\/02\/16\/homenaje-a-rusia\/elena-abreu-2-2\/\" data-orig-file=\"https:\/\/i0.wp.com\/www.decintivillalon.com\/wp-content\/uploads\/2018\/02\/elena-abreu-2.jpg?fit=923%2C1200&amp;ssl=1\" data-orig-size=\"923,1200\" data-comments-opened=\"0\" data-image-meta=\"{&quot;aperture&quot;:&quot;0&quot;,&quot;credit&quot;:&quot;&quot;,&quot;camera&quot;:&quot;&quot;,&quot;caption&quot;:&quot;&quot;,&quot;created_timestamp&quot;:&quot;0&quot;,&quot;copyright&quot;:&quot;&quot;,&quot;focal_length&quot;:&quot;0&quot;,&quot;iso&quot;:&quot;0&quot;,&quot;shutter_speed&quot;:&quot;0&quot;,&quot;title&quot;:&quot;&quot;,&quot;orientation&quot;:&quot;0&quot;}\" data-image-title=\"elena-abreu-2\" data-image-description=\"\" data-image-caption=\"&lt;p&gt;&lt;\/p&gt;\n\" data-large-file=\"https:\/\/i0.wp.com\/www.decintivillalon.com\/wp-content\/uploads\/2018\/02\/elena-abreu-2.jpg?fit=788%2C1024&amp;ssl=1\" \/><\/a>\n\t\t\t<\/dt>\n\t\t\t\t<dd class='wp-caption-text gallery-caption' id='gallery-1-7972'>\n\t\t\t\t<h5>Elena Abreu <\/h5>&#8220;Catedral de San Basilio en Mosc\u00fa&#8221;<br>\r\n\u00d3leo sobre lienzo 50 x 65 cm<br>\r\nUna noche de Junio de 2017\n\t\t\t\t<\/dd><\/dl><br style=\"clear: both\" \/><dl class='gallery-item'>\n\t\t\t<dt class='gallery-icon portrait'>\n\t\t\t\t<a href='https:\/\/www.decintivillalon.com\/en\/2018\/02\/16\/homenaje-a-rusia\/elena-abreu-3\/'><img loading=\"lazy\" decoding=\"async\" width=\"150\" height=\"150\" src=\"https:\/\/i0.wp.com\/www.decintivillalon.com\/wp-content\/uploads\/2018\/02\/elena-abreu.jpg?resize=150%2C150&amp;ssl=1\" class=\"attachment-thumbnail size-thumbnail\" alt=\"\" aria-describedby=\"gallery-1-7973\" srcset=\"https:\/\/i0.wp.com\/www.decintivillalon.com\/wp-content\/uploads\/2018\/02\/elena-abreu.jpg?resize=150%2C150&amp;ssl=1 150w, https:\/\/i0.wp.com\/www.decintivillalon.com\/wp-content\/uploads\/2018\/02\/elena-abreu.jpg?zoom=2&amp;resize=150%2C150&amp;ssl=1 300w, https:\/\/i0.wp.com\/www.decintivillalon.com\/wp-content\/uploads\/2018\/02\/elena-abreu.jpg?zoom=3&amp;resize=150%2C150&amp;ssl=1 450w\" sizes=\"auto, (max-width: 150px) 100vw, 150px\" data-attachment-id=\"7973\" data-permalink=\"https:\/\/www.decintivillalon.com\/en\/2018\/02\/16\/homenaje-a-rusia\/elena-abreu-3\/\" data-orig-file=\"https:\/\/i0.wp.com\/www.decintivillalon.com\/wp-content\/uploads\/2018\/02\/elena-abreu.jpg?fit=923%2C1200&amp;ssl=1\" data-orig-size=\"923,1200\" data-comments-opened=\"0\" data-image-meta=\"{&quot;aperture&quot;:&quot;0&quot;,&quot;credit&quot;:&quot;&quot;,&quot;camera&quot;:&quot;&quot;,&quot;caption&quot;:&quot;&quot;,&quot;created_timestamp&quot;:&quot;0&quot;,&quot;copyright&quot;:&quot;&quot;,&quot;focal_length&quot;:&quot;0&quot;,&quot;iso&quot;:&quot;0&quot;,&quot;shutter_speed&quot;:&quot;0&quot;,&quot;title&quot;:&quot;&quot;,&quot;orientation&quot;:&quot;0&quot;}\" data-image-title=\"elena-abreu\" data-image-description=\"\" data-image-caption=\"&lt;p&gt;&lt;\/p&gt;\n\" data-large-file=\"https:\/\/i0.wp.com\/www.decintivillalon.com\/wp-content\/uploads\/2018\/02\/elena-abreu.jpg?fit=788%2C1024&amp;ssl=1\" \/><\/a>\n\t\t\t<\/dt>\n\t\t\t\t<dd class='wp-caption-text gallery-caption' id='gallery-1-7973'>\n\t\t\t\t<h5>Elena Abreu <\/h5>&#8220;Catedral de la Resurrecci\u00f3n de Cristo en San Petersburgo&#8221;<br>\r\n\u00d3leo sobre lienzo 50 x 65 cm<br>\r\nUn d\u00eda de Junio de 2017\n\t\t\t\t<\/dd><\/dl><dl class='gallery-item'>\n\t\t\t<dt class='gallery-icon portrait'>\n\t\t\t\t<a href='https:\/\/www.decintivillalon.com\/en\/2018\/02\/16\/homenaje-a-rusia\/isabel-calvo-1\/'><img loading=\"lazy\" decoding=\"async\" width=\"150\" height=\"150\" src=\"https:\/\/i0.wp.com\/www.decintivillalon.com\/wp-content\/uploads\/2018\/02\/isabel-calvo-1.jpg?resize=150%2C150&amp;ssl=1\" class=\"attachment-thumbnail size-thumbnail\" alt=\"\" aria-describedby=\"gallery-1-7878\" srcset=\"https:\/\/i0.wp.com\/www.decintivillalon.com\/wp-content\/uploads\/2018\/02\/isabel-calvo-1.jpg?resize=150%2C150&amp;ssl=1 150w, https:\/\/i0.wp.com\/www.decintivillalon.com\/wp-content\/uploads\/2018\/02\/isabel-calvo-1.jpg?zoom=2&amp;resize=150%2C150&amp;ssl=1 300w, https:\/\/i0.wp.com\/www.decintivillalon.com\/wp-content\/uploads\/2018\/02\/isabel-calvo-1.jpg?zoom=3&amp;resize=150%2C150&amp;ssl=1 450w\" sizes=\"auto, (max-width: 150px) 100vw, 150px\" data-attachment-id=\"7878\" data-permalink=\"https:\/\/www.decintivillalon.com\/en\/2018\/02\/16\/homenaje-a-rusia\/isabel-calvo-1\/\" data-orig-file=\"https:\/\/i0.wp.com\/www.decintivillalon.com\/wp-content\/uploads\/2018\/02\/isabel-calvo-1.jpg?fit=900%2C1200&amp;ssl=1\" data-orig-size=\"900,1200\" data-comments-opened=\"0\" data-image-meta=\"{&quot;aperture&quot;:&quot;1.9&quot;,&quot;credit&quot;:&quot;Picasa&quot;,&quot;camera&quot;:&quot;SM-J510FN&quot;,&quot;caption&quot;:&quot;&quot;,&quot;created_timestamp&quot;:&quot;1518005352&quot;,&quot;copyright&quot;:&quot;&quot;,&quot;focal_length&quot;:&quot;3.7&quot;,&quot;iso&quot;:&quot;100&quot;,&quot;shutter_speed&quot;:&quot;0.01&quot;,&quot;title&quot;:&quot;&quot;,&quot;orientation&quot;:&quot;0&quot;}\" data-image-title=\"isabel calvo 1\" data-image-description=\"\" data-image-caption=\"&lt;p&gt;&lt;\/p&gt;\n\" data-large-file=\"https:\/\/i0.wp.com\/www.decintivillalon.com\/wp-content\/uploads\/2018\/02\/isabel-calvo-1.jpg?fit=768%2C1024&amp;ssl=1\" \/><\/a>\n\t\t\t<\/dt>\n\t\t\t\t<dd class='wp-caption-text gallery-caption' id='gallery-1-7878'>\n\t\t\t\t<h5>\tIsabel\tCalvo\t<\/h5>\t&#8221;\tPeterhof\t&#8220;<br>\t\u00d3leo sobre lienzo,\t50 x 70\tcm<br> El palacio de Peterhof, uno de los emblem\u00e1ticos edificios construido a imagen y semejanza de Versalles, nos maravilla con su cascada de agua, oro y sus bellos jardines nos transporta a un mundo de sue\u00f1os.\n\t\t\t\t<\/dd><\/dl><br style=\"clear: both\" \/><dl class='gallery-item'>\n\t\t\t<dt class='gallery-icon landscape'>\n\t\t\t\t<a href='https:\/\/www.decintivillalon.com\/en\/2018\/02\/16\/homenaje-a-rusia\/img_5202\/'><img loading=\"lazy\" decoding=\"async\" width=\"150\" height=\"150\" src=\"https:\/\/i0.wp.com\/www.decintivillalon.com\/wp-content\/uploads\/2018\/02\/IMG_5202.jpg?resize=150%2C150&amp;ssl=1\" class=\"attachment-thumbnail size-thumbnail\" alt=\"\" aria-describedby=\"gallery-1-7866\" srcset=\"https:\/\/i0.wp.com\/www.decintivillalon.com\/wp-content\/uploads\/2018\/02\/IMG_5202.jpg?resize=150%2C150&amp;ssl=1 150w, https:\/\/i0.wp.com\/www.decintivillalon.com\/wp-content\/uploads\/2018\/02\/IMG_5202.jpg?zoom=2&amp;resize=150%2C150&amp;ssl=1 300w, https:\/\/i0.wp.com\/www.decintivillalon.com\/wp-content\/uploads\/2018\/02\/IMG_5202.jpg?zoom=3&amp;resize=150%2C150&amp;ssl=1 450w\" sizes=\"auto, (max-width: 150px) 100vw, 150px\" data-attachment-id=\"7866\" data-permalink=\"https:\/\/www.decintivillalon.com\/en\/2018\/02\/16\/homenaje-a-rusia\/img_5202\/\" data-orig-file=\"https:\/\/i0.wp.com\/www.decintivillalon.com\/wp-content\/uploads\/2018\/02\/IMG_5202.jpg?fit=1200%2C924&amp;ssl=1\" data-orig-size=\"1200,924\" data-comments-opened=\"0\" data-image-meta=\"{&quot;aperture&quot;:&quot;2.2&quot;,&quot;credit&quot;:&quot;Picasa&quot;,&quot;camera&quot;:&quot;iPhone SE&quot;,&quot;caption&quot;:&quot;&quot;,&quot;created_timestamp&quot;:&quot;1507205333&quot;,&quot;copyright&quot;:&quot;&quot;,&quot;focal_length&quot;:&quot;4.15&quot;,&quot;iso&quot;:&quot;160&quot;,&quot;shutter_speed&quot;:&quot;0.03030303030303&quot;,&quot;title&quot;:&quot;&quot;,&quot;orientation&quot;:&quot;0&quot;}\" data-image-title=\"IMG_5202\" data-image-description=\"\" data-image-caption=\"&lt;p&gt;&lt;\/p&gt;\n\" data-large-file=\"https:\/\/i0.wp.com\/www.decintivillalon.com\/wp-content\/uploads\/2018\/02\/IMG_5202.jpg?fit=1024%2C788&amp;ssl=1\" \/><\/a>\n\t\t\t<\/dt>\n\t\t\t\t<dd class='wp-caption-text gallery-caption' id='gallery-1-7866'>\n\t\t\t\t<h5>Puri Verde<\/h5>\u201cCentro hist\u00f3rico de Irkustk sobre el r\u00edo Angara\u201d<br>\r\n\u00d3leo sobre lienzo, 65 x 50 cm<br>\r\nCatedral de la Epifan\u00eda (Sobor Bogoyavleniya), primera iglesia en madera de la ciudad, reconstruida en piedra tras sufrir un incendi\u00f3 en 1716.\r\nIglesia del Salvador (Spasskaya Tserkov); finales del Siglo XVII, uno de los primeros edificios de piedra de la ciudad.\n\t\t\t\t<\/dd><\/dl><dl class='gallery-item'>\n\t\t\t<dt class='gallery-icon portrait'>\n\t\t\t\t<a href='https:\/\/www.decintivillalon.com\/en\/2018\/02\/16\/homenaje-a-rusia\/marijose-fole-2\/'><img loading=\"lazy\" decoding=\"async\" width=\"150\" height=\"150\" src=\"https:\/\/i0.wp.com\/www.decintivillalon.com\/wp-content\/uploads\/2018\/02\/marijose-fole-2.jpg?resize=150%2C150&amp;ssl=1\" class=\"attachment-thumbnail size-thumbnail\" alt=\"\" aria-describedby=\"gallery-1-7886\" srcset=\"https:\/\/i0.wp.com\/www.decintivillalon.com\/wp-content\/uploads\/2018\/02\/marijose-fole-2.jpg?resize=150%2C150&amp;ssl=1 150w, https:\/\/i0.wp.com\/www.decintivillalon.com\/wp-content\/uploads\/2018\/02\/marijose-fole-2.jpg?zoom=2&amp;resize=150%2C150&amp;ssl=1 300w, https:\/\/i0.wp.com\/www.decintivillalon.com\/wp-content\/uploads\/2018\/02\/marijose-fole-2.jpg?zoom=3&amp;resize=150%2C150&amp;ssl=1 450w\" sizes=\"auto, (max-width: 150px) 100vw, 150px\" data-attachment-id=\"7886\" data-permalink=\"https:\/\/www.decintivillalon.com\/en\/2018\/02\/16\/homenaje-a-rusia\/marijose-fole-2\/\" data-orig-file=\"https:\/\/i0.wp.com\/www.decintivillalon.com\/wp-content\/uploads\/2018\/02\/marijose-fole-2.jpg?fit=900%2C1200&amp;ssl=1\" data-orig-size=\"900,1200\" data-comments-opened=\"0\" data-image-meta=\"{&quot;aperture&quot;:&quot;1.7&quot;,&quot;credit&quot;:&quot;Picasa&quot;,&quot;camera&quot;:&quot;SM-G935F&quot;,&quot;caption&quot;:&quot;&quot;,&quot;created_timestamp&quot;:&quot;1518383209&quot;,&quot;copyright&quot;:&quot;&quot;,&quot;focal_length&quot;:&quot;4.2&quot;,&quot;iso&quot;:&quot;640&quot;,&quot;shutter_speed&quot;:&quot;0.1&quot;,&quot;title&quot;:&quot;&quot;,&quot;orientation&quot;:&quot;0&quot;}\" data-image-title=\"marijose fole 2\" data-image-description=\"\" data-image-caption=\"&lt;p&gt;&lt;\/p&gt;\n\" data-large-file=\"https:\/\/i0.wp.com\/www.decintivillalon.com\/wp-content\/uploads\/2018\/02\/marijose-fole-2.jpg?fit=768%2C1024&amp;ssl=1\" \/><\/a>\n\t\t\t<\/dt>\n\t\t\t\t<dd class='wp-caption-text gallery-caption' id='gallery-1-7886'>\n\t\t\t\t<h5>Mar\u00eda Jos\u00e9 Fole<\/h5>\r\n&#8220;Catedral de la Resurrecci\u00f3n de Cristo (San Petersburgo)&#8221;<br>\r\n\u00d3leo sobre lienzo 50 x 65 cm<br>\r\nTambi\u00e9n conocida como Iglesia del Salvador sobre la Sangre Derramada. Se construy\u00f3 sobre el lugar en el que asesinaron al zar Alejandro II, siguiendo la tradici\u00f3n rusa de erigir una iglesia donde hab\u00eda ocurrido un suceso hist\u00f3rico. Durante la Segunda Guerra Mundial cay\u00f3 una bomba que no explot\u00f3 encima de su c\u00fapula m\u00e1s alta. Despu\u00e9s de 19 a\u00f1os encontraron y retiraron la bomba, y comenz\u00f3 su restauraci\u00f3n. Posteriormente se inaugur\u00f3 como museo estatal.\n\t\t\t\t<\/dd><\/dl><br style=\"clear: both\" \/><dl class='gallery-item'>\n\t\t\t<dt class='gallery-icon landscape'>\n\t\t\t\t<a href='https:\/\/www.decintivillalon.com\/en\/2018\/02\/16\/homenaje-a-rusia\/olga-sanchez-2\/'><img loading=\"lazy\" decoding=\"async\" width=\"150\" height=\"150\" src=\"https:\/\/i0.wp.com\/www.decintivillalon.com\/wp-content\/uploads\/2018\/02\/Olga-Sanchez-2.jpg?resize=150%2C150&amp;ssl=1\" class=\"attachment-thumbnail size-thumbnail\" alt=\"\" aria-describedby=\"gallery-1-7889\" srcset=\"https:\/\/i0.wp.com\/www.decintivillalon.com\/wp-content\/uploads\/2018\/02\/Olga-Sanchez-2.jpg?resize=150%2C150&amp;ssl=1 150w, https:\/\/i0.wp.com\/www.decintivillalon.com\/wp-content\/uploads\/2018\/02\/Olga-Sanchez-2.jpg?zoom=2&amp;resize=150%2C150&amp;ssl=1 300w, https:\/\/i0.wp.com\/www.decintivillalon.com\/wp-content\/uploads\/2018\/02\/Olga-Sanchez-2.jpg?zoom=3&amp;resize=150%2C150&amp;ssl=1 450w\" sizes=\"auto, (max-width: 150px) 100vw, 150px\" data-attachment-id=\"7889\" data-permalink=\"https:\/\/www.decintivillalon.com\/en\/2018\/02\/16\/homenaje-a-rusia\/olga-sanchez-2\/\" data-orig-file=\"https:\/\/i0.wp.com\/www.decintivillalon.com\/wp-content\/uploads\/2018\/02\/Olga-Sanchez-2.jpg?fit=1200%2C897&amp;ssl=1\" data-orig-size=\"1200,897\" data-comments-opened=\"0\" data-image-meta=\"{&quot;aperture&quot;:&quot;2.4&quot;,&quot;credit&quot;:&quot;Picasa&quot;,&quot;camera&quot;:&quot;iPad Air&quot;,&quot;caption&quot;:&quot;&quot;,&quot;created_timestamp&quot;:&quot;1517945387&quot;,&quot;copyright&quot;:&quot;&quot;,&quot;focal_length&quot;:&quot;3.3&quot;,&quot;iso&quot;:&quot;200&quot;,&quot;shutter_speed&quot;:&quot;0.04&quot;,&quot;title&quot;:&quot;&quot;,&quot;orientation&quot;:&quot;0&quot;}\" data-image-title=\"Olga Sanchez 2\" data-image-description=\"\" data-image-caption=\"&lt;p&gt;&lt;\/p&gt;\n\" data-large-file=\"https:\/\/i0.wp.com\/www.decintivillalon.com\/wp-content\/uploads\/2018\/02\/Olga-Sanchez-2.jpg?fit=1024%2C765&amp;ssl=1\" \/><\/a>\n\t\t\t<\/dt>\n\t\t\t\t<dd class='wp-caption-text gallery-caption' id='gallery-1-7889'>\n\t\t\t\t<h5>Olga S\u00e1nchez<\/h5>\r\n&#8220;La catedral de San Pedro y San Pablo de San Petersburgo&#8221;<br>\r\n\u00d3leo sobre lienzo 65 x 50 cm<br>\r\nLa majestuosidad del templo ortodoxo construido dentro de la fortaleza en la isla Zayachy a orillas del R\u00edo Neva. Durante muchos a\u00f1os fue un museo pero desde el a\u00f1o 2000 se celebran servicios religiosos. La importancia del lugar es porque contienen los restos de la mayor\u00eda de los emperadores y emperatrices desde Pedro el Grande hasta el \u00faltimo zar, Nicol\u00e1s II, y su familia que fueron enterrados en 1998, habiendo sido ejecutados en Ekaterimburgo en 1918. Convertido en lugar de peregrinaci\u00f3n por haber sido canonizada como m\u00e1rtires esta \u00faltima familia imperial por la Iglesia ortodoxa rusa en el exilio.\n\t\t\t\t<\/dd><\/dl><dl class='gallery-item'>\n\t\t\t<dt class='gallery-icon landscape'>\n\t\t\t\t<a href='https:\/\/www.decintivillalon.com\/en\/2018\/02\/16\/homenaje-a-rusia\/marisol\/'><img loading=\"lazy\" decoding=\"async\" width=\"150\" height=\"150\" src=\"https:\/\/i0.wp.com\/www.decintivillalon.com\/wp-content\/uploads\/2018\/02\/marisol.jpg?resize=150%2C150&amp;ssl=1\" class=\"attachment-thumbnail size-thumbnail\" alt=\"\" aria-describedby=\"gallery-1-7887\" srcset=\"https:\/\/i0.wp.com\/www.decintivillalon.com\/wp-content\/uploads\/2018\/02\/marisol.jpg?w=1200&amp;ssl=1 1200w, https:\/\/i0.wp.com\/www.decintivillalon.com\/wp-content\/uploads\/2018\/02\/marisol.jpg?resize=150%2C150&amp;ssl=1 150w, https:\/\/i0.wp.com\/www.decintivillalon.com\/wp-content\/uploads\/2018\/02\/marisol.jpg?resize=300%2C300&amp;ssl=1 300w, https:\/\/i0.wp.com\/www.decintivillalon.com\/wp-content\/uploads\/2018\/02\/marisol.jpg?resize=768%2C768&amp;ssl=1 768w, https:\/\/i0.wp.com\/www.decintivillalon.com\/wp-content\/uploads\/2018\/02\/marisol.jpg?resize=1024%2C1024&amp;ssl=1 1024w\" sizes=\"auto, (max-width: 150px) 100vw, 150px\" data-attachment-id=\"7887\" data-permalink=\"https:\/\/www.decintivillalon.com\/en\/2018\/02\/16\/homenaje-a-rusia\/marisol\/\" data-orig-file=\"https:\/\/i0.wp.com\/www.decintivillalon.com\/wp-content\/uploads\/2018\/02\/marisol.jpg?fit=1200%2C1200&amp;ssl=1\" data-orig-size=\"1200,1200\" data-comments-opened=\"0\" data-image-meta=\"{&quot;aperture&quot;:&quot;2.25&quot;,&quot;credit&quot;:&quot;Picasa&quot;,&quot;camera&quot;:&quot;XT1092&quot;,&quot;caption&quot;:&quot;&quot;,&quot;created_timestamp&quot;:&quot;1518551710&quot;,&quot;copyright&quot;:&quot;&quot;,&quot;focal_length&quot;:&quot;4.235&quot;,&quot;iso&quot;:&quot;320&quot;,&quot;shutter_speed&quot;:&quot;0.02999&quot;,&quot;title&quot;:&quot;&quot;,&quot;orientation&quot;:&quot;0&quot;}\" data-image-title=\"marisol\" data-image-description=\"\" data-image-caption=\"&lt;p&gt;&lt;\/p&gt;\n\" data-large-file=\"https:\/\/i0.wp.com\/www.decintivillalon.com\/wp-content\/uploads\/2018\/02\/marisol.jpg?fit=1024%2C1024&amp;ssl=1\" \/><\/a>\n\t\t\t<\/dt>\n\t\t\t\t<dd class='wp-caption-text gallery-caption' id='gallery-1-7887'>\n\t\t\t\t<h5>Marisol De la Plaza<\/h5>\r\n&#8220;El Kremlin de Kazan&#8221;<br>\r\n\u00d3leo sobre lienzo 50 x 50 cm<br>\r\nEl conjunto del Kremlin de Kaz\u00e1n es declarado\r\nPatrimonio de la Humanidad por la UNESCO en el a\u00f1o\r\n2000 por ser un bello y magn\u00edfico conjunto arquitect\u00f3nico\r\nde gran importancia hist\u00f3rica y religiosa.\r\nEs un ejemplo de arm\u00f3nica convivencia entre los\r\nnumerosos y diferentes grupos \u00e9tnicos, religiosos y de\r\ndiversas nacionalidades que residen en el territorio ruso.\n\t\t\t\t<\/dd><\/dl><br style=\"clear: both\" \/><dl class='gallery-item'>\n\t\t\t<dt class='gallery-icon landscape'>\n\t\t\t\t<a href='https:\/\/www.decintivillalon.com\/en\/2018\/02\/16\/homenaje-a-rusia\/marga-mielgo-3\/'><img loading=\"lazy\" decoding=\"async\" width=\"150\" height=\"150\" src=\"https:\/\/i0.wp.com\/www.decintivillalon.com\/wp-content\/uploads\/2018\/02\/marga-mielgo-e1558516895550.jpg?resize=150%2C150&amp;ssl=1\" class=\"attachment-thumbnail size-thumbnail\" alt=\"\" aria-describedby=\"gallery-1-7930\" data-attachment-id=\"7930\" data-permalink=\"https:\/\/www.decintivillalon.com\/en\/2018\/02\/16\/homenaje-a-rusia\/marga-mielgo-3\/\" data-orig-file=\"https:\/\/i0.wp.com\/www.decintivillalon.com\/wp-content\/uploads\/2018\/02\/marga-mielgo-e1558516895550.jpg?fit=1000%2C770&amp;ssl=1\" data-orig-size=\"1000,770\" data-comments-opened=\"0\" data-image-meta=\"{&quot;aperture&quot;:&quot;0&quot;,&quot;credit&quot;:&quot;&quot;,&quot;camera&quot;:&quot;&quot;,&quot;caption&quot;:&quot;&quot;,&quot;created_timestamp&quot;:&quot;0&quot;,&quot;copyright&quot;:&quot;&quot;,&quot;focal_length&quot;:&quot;0&quot;,&quot;iso&quot;:&quot;0&quot;,&quot;shutter_speed&quot;:&quot;0&quot;,&quot;title&quot;:&quot;&quot;,&quot;orientation&quot;:&quot;1&quot;}\" data-image-title=\"marga mielgo\" data-image-description=\"\" data-image-caption=\"&lt;p&gt;&lt;\/p&gt;\n\" data-large-file=\"https:\/\/i0.wp.com\/www.decintivillalon.com\/wp-content\/uploads\/2018\/02\/marga-mielgo-e1558516895550.jpg?fit=1024%2C788&amp;ssl=1\" \/><\/a>\n\t\t\t<\/dt>\n\t\t\t\t<dd class='wp-caption-text gallery-caption' id='gallery-1-7930'>\n\t\t\t\t<h5>\tMarga\tMielgo\t<\/h5>\t&#8221;\tEl Hermitage desde el r\u00edo Neva\t&#8220;<br>\t\u00d3leo sobre lienzo,\t50 x 65\tcm<br>El Museo del Hermitage de San Petersburgo, Rusia, es una de las mayores pinacotecas y museos de antig\u00fcedades del mundo. El museo se form\u00f3 con la colecci\u00f3n privada que fueron adquiriendo los zares durante varios siglos, y no fue hasta 1917 cuando fue declarado Museo Estatal.\n\t\t\t\t<\/dd><\/dl><dl class='gallery-item'>\n\t\t\t<dt class='gallery-icon landscape'>\n\t\t\t\t<a href='https:\/\/www.decintivillalon.com\/en\/2018\/02\/16\/homenaje-a-rusia\/el-rio-tvertsa-a-su-paso-por-torzhok\/'><img loading=\"lazy\" decoding=\"async\" width=\"150\" height=\"150\" src=\"https:\/\/i0.wp.com\/www.decintivillalon.com\/wp-content\/uploads\/2018\/02\/El-r%C3%ADo-Tverts%C3%A1-a-su-paso-por-Torzhok.jpg?resize=150%2C150&amp;ssl=1\" class=\"attachment-thumbnail size-thumbnail\" alt=\"\" aria-describedby=\"gallery-1-7957\" data-attachment-id=\"7957\" data-permalink=\"https:\/\/www.decintivillalon.com\/en\/2018\/02\/16\/homenaje-a-rusia\/el-rio-tvertsa-a-su-paso-por-torzhok\/\" data-orig-file=\"https:\/\/i0.wp.com\/www.decintivillalon.com\/wp-content\/uploads\/2018\/02\/El-r%C3%ADo-Tverts%C3%A1-a-su-paso-por-Torzhok.jpg?fit=1200%2C900&amp;ssl=1\" data-orig-size=\"1200,900\" data-comments-opened=\"0\" data-image-meta=\"{&quot;aperture&quot;:&quot;2.2&quot;,&quot;credit&quot;:&quot;Picasa&quot;,&quot;camera&quot;:&quot;iPhone 6s&quot;,&quot;caption&quot;:&quot;&quot;,&quot;created_timestamp&quot;:&quot;1518876674&quot;,&quot;copyright&quot;:&quot;&quot;,&quot;focal_length&quot;:&quot;4.15&quot;,&quot;iso&quot;:&quot;100&quot;,&quot;shutter_speed&quot;:&quot;0.03030303030303&quot;,&quot;title&quot;:&quot;&quot;,&quot;orientation&quot;:&quot;0&quot;}\" data-image-title=\"El r\u00edo Tverts\u00e1 a su paso por Torzhok\" data-image-description=\"\" data-image-caption=\"&lt;p&gt;&lt;\/p&gt;\n\" data-large-file=\"https:\/\/i0.wp.com\/www.decintivillalon.com\/wp-content\/uploads\/2018\/02\/El-r%C3%ADo-Tverts%C3%A1-a-su-paso-por-Torzhok.jpg?fit=1024%2C768&amp;ssl=1\" \/><\/a>\n\t\t\t<\/dt>\n\t\t\t\t<dd class='wp-caption-text gallery-caption' id='gallery-1-7957'>\n\t\t\t\t<h5>\tPaloma \tCerezo\t<\/h5>\t&#8221;\tEl r\u00edo Tverts\u00e1 a su paso por Torzhok\t&#8220;<br>\t\u00d3leo sobre lienzo,\t65 x 50\tcm<br>\r\nAunque fuera de Rusia no es una ciudad muy conocida, lo cierto es que Torzhok ya era una ciudad importante en el siglo XII. Los mongoles la incendiaron en 1238, para cortar la \u00fanica v\u00eda de paso de los cereales hacia Novgorod, que fue asolada por la hambruna, pero volvi\u00f3 a alzarse de sus cenizas. Despu\u00e9s fue la estaci\u00f3n de postas m\u00e1s importante en el camino de Mosc\u00fa a San Petersburgo, a\u00fan se conserva el diminuto palacio en que la zarina Catalina la Grande pernoctaba en sus viajes, y el famoso novelista Aleksandr Pushkin estuvo en Torzhok en tantas ocasiones que la ciudad le ha dedicado un museo. En Torzhok naci\u00f3 el famoso anarquista revolucionario Mihaik Bakunin. El r\u00edo Tverts\u00e1, afluente del Volga, atraviesa la ciudad reflejando sus hermosos edificios.\n\t\t\t\t<\/dd><\/dl><br style=\"clear: both\" \/><dl class='gallery-item'>\n\t\t\t<dt class='gallery-icon landscape'>\n\t\t\t\t<a href='https:\/\/www.decintivillalon.com\/en\/ana-gomez-panizo\/'><img loading=\"lazy\" decoding=\"async\" width=\"150\" height=\"150\" src=\"https:\/\/i0.wp.com\/www.decintivillalon.com\/wp-content\/uploads\/2018\/02\/ana-gomez-panizo.jpg?resize=150%2C150&amp;ssl=1\" class=\"attachment-thumbnail size-thumbnail\" alt=\"\" aria-describedby=\"gallery-1-7959\" srcset=\"https:\/\/i0.wp.com\/www.decintivillalon.com\/wp-content\/uploads\/2018\/02\/ana-gomez-panizo.jpg?resize=150%2C150&amp;ssl=1 150w, https:\/\/i0.wp.com\/www.decintivillalon.com\/wp-content\/uploads\/2018\/02\/ana-gomez-panizo.jpg?zoom=2&amp;resize=150%2C150&amp;ssl=1 300w, https:\/\/i0.wp.com\/www.decintivillalon.com\/wp-content\/uploads\/2018\/02\/ana-gomez-panizo.jpg?zoom=3&amp;resize=150%2C150&amp;ssl=1 450w\" sizes=\"auto, (max-width: 150px) 100vw, 150px\" data-attachment-id=\"7959\" data-permalink=\"https:\/\/www.decintivillalon.com\/en\/ana-gomez-panizo\/\" data-orig-file=\"https:\/\/i0.wp.com\/www.decintivillalon.com\/wp-content\/uploads\/2018\/02\/ana-gomez-panizo.jpg?fit=1200%2C923&amp;ssl=1\" data-orig-size=\"1200,923\" data-comments-opened=\"0\" data-image-meta=\"{&quot;aperture&quot;:&quot;0&quot;,&quot;credit&quot;:&quot;&quot;,&quot;camera&quot;:&quot;&quot;,&quot;caption&quot;:&quot;&quot;,&quot;created_timestamp&quot;:&quot;0&quot;,&quot;copyright&quot;:&quot;&quot;,&quot;focal_length&quot;:&quot;0&quot;,&quot;iso&quot;:&quot;0&quot;,&quot;shutter_speed&quot;:&quot;0&quot;,&quot;title&quot;:&quot;&quot;,&quot;orientation&quot;:&quot;0&quot;}\" data-image-title=\"ana-gomez-panizo\" data-image-description=\"\" data-image-caption=\"&lt;p&gt;&lt;\/p&gt;\n\" data-large-file=\"https:\/\/i0.wp.com\/www.decintivillalon.com\/wp-content\/uploads\/2018\/02\/ana-gomez-panizo.jpg?fit=1024%2C788&amp;ssl=1\" \/><\/a>\n\t\t\t<\/dt>\n\t\t\t\t<dd class='wp-caption-text gallery-caption' id='gallery-1-7959'>\n\t\t\t\t<h5>\tAna\tG\u00f3mez Panizo\t<\/h5>\t&#8221;\tCatedral de Uglich\t&#8220;<br>\t\u00d3leo sobre lienzo,\t65 x 50\tcm<br>\u00daglich es una de las ciudades m\u00e1s espectaculares de Rusia. Su pertenencia al Anillo de Oro y su situaci\u00f3n en el curso del Volga, hacen de esta localidad una parada casi obligada en un crucero fluvial por este r\u00edo. En esta ciudad podr\u00e1 encontrar alguna de las iglesias m\u00e1s importantes del pa\u00eds y unos museos sorprendentes.\n\t\t\t\t<\/dd><\/dl><dl class='gallery-item'>\n\t\t\t<dt class='gallery-icon landscape'>\n\t\t\t\t<a href='https:\/\/www.decintivillalon.com\/en\/2018\/02\/16\/homenaje-a-rusia\/lupe-claver-2\/'><img loading=\"lazy\" decoding=\"async\" width=\"150\" height=\"150\" src=\"https:\/\/i0.wp.com\/www.decintivillalon.com\/wp-content\/uploads\/2018\/02\/lupe-claver.jpg?resize=150%2C150&amp;ssl=1\" class=\"attachment-thumbnail size-thumbnail\" alt=\"\" aria-describedby=\"gallery-1-7965\" srcset=\"https:\/\/i0.wp.com\/www.decintivillalon.com\/wp-content\/uploads\/2018\/02\/lupe-claver.jpg?resize=150%2C150&amp;ssl=1 150w, https:\/\/i0.wp.com\/www.decintivillalon.com\/wp-content\/uploads\/2018\/02\/lupe-claver.jpg?zoom=2&amp;resize=150%2C150&amp;ssl=1 300w, https:\/\/i0.wp.com\/www.decintivillalon.com\/wp-content\/uploads\/2018\/02\/lupe-claver.jpg?zoom=3&amp;resize=150%2C150&amp;ssl=1 450w\" sizes=\"auto, (max-width: 150px) 100vw, 150px\" data-attachment-id=\"7965\" data-permalink=\"https:\/\/www.decintivillalon.com\/en\/2018\/02\/16\/homenaje-a-rusia\/lupe-claver-2\/\" data-orig-file=\"https:\/\/i0.wp.com\/www.decintivillalon.com\/wp-content\/uploads\/2018\/02\/lupe-claver.jpg?fit=1200%2C923&amp;ssl=1\" data-orig-size=\"1200,923\" data-comments-opened=\"0\" data-image-meta=\"{&quot;aperture&quot;:&quot;0&quot;,&quot;credit&quot;:&quot;&quot;,&quot;camera&quot;:&quot;&quot;,&quot;caption&quot;:&quot;&quot;,&quot;created_timestamp&quot;:&quot;0&quot;,&quot;copyright&quot;:&quot;&quot;,&quot;focal_length&quot;:&quot;0&quot;,&quot;iso&quot;:&quot;0&quot;,&quot;shutter_speed&quot;:&quot;0&quot;,&quot;title&quot;:&quot;&quot;,&quot;orientation&quot;:&quot;0&quot;}\" data-image-title=\"lupe-claver\" data-image-description=\"\" data-image-caption=\"&lt;p&gt;&lt;\/p&gt;\n\" data-large-file=\"https:\/\/i0.wp.com\/www.decintivillalon.com\/wp-content\/uploads\/2018\/02\/lupe-claver.jpg?fit=1024%2C788&amp;ssl=1\" \/><\/a>\n\t\t\t<\/dt>\n\t\t\t\t<dd class='wp-caption-text gallery-caption' id='gallery-1-7965'>\n\t\t\t\t<h5>Lupe Claver<\/h5>\r\n&#8220;El lago Baikal&#8221;<br>\r\n\u00d3leo sobre lienzo 65 x 50 cm<br> El lago Baikal es un lago de origen tect\u00f3nico, localizado en la regi\u00f3n sur de Siberia, Rusia, entre el \u00f3blast de Irkutsk en el noroeste y Buriatia en el sureste, cerca de la ciudad de Irkutsk. Su nombre deriva del t\u00e1rtaro Bai-Kul, \u00ablago rico\u00bb. Tambi\u00e9n es conocido como el \u00abOjo azul de Siberia\u00bb o \u00abLa Perla de Asia\u00bb.\n\t\t\t\t<\/dd><\/dl><br style=\"clear: both\" \/><dl class='gallery-item'>\n\t\t\t<dt class='gallery-icon portrait'>\n\t\t\t\t<a href='https:\/\/www.decintivillalon.com\/en\/2018\/02\/16\/homenaje-a-rusia\/veronica-tenorio-2\/'><img loading=\"lazy\" decoding=\"async\" width=\"150\" height=\"150\" src=\"https:\/\/i0.wp.com\/www.decintivillalon.com\/wp-content\/uploads\/2018\/02\/veronica-tenorio-2.jpg?resize=150%2C150&amp;ssl=1\" class=\"attachment-thumbnail size-thumbnail\" alt=\"\" aria-describedby=\"gallery-1-7951\" srcset=\"https:\/\/i0.wp.com\/www.decintivillalon.com\/wp-content\/uploads\/2018\/02\/veronica-tenorio-2.jpg?resize=150%2C150&amp;ssl=1 150w, https:\/\/i0.wp.com\/www.decintivillalon.com\/wp-content\/uploads\/2018\/02\/veronica-tenorio-2.jpg?zoom=2&amp;resize=150%2C150&amp;ssl=1 300w, https:\/\/i0.wp.com\/www.decintivillalon.com\/wp-content\/uploads\/2018\/02\/veronica-tenorio-2.jpg?zoom=3&amp;resize=150%2C150&amp;ssl=1 450w\" sizes=\"auto, (max-width: 150px) 100vw, 150px\" data-attachment-id=\"7951\" data-permalink=\"https:\/\/www.decintivillalon.com\/en\/2018\/02\/16\/homenaje-a-rusia\/veronica-tenorio-2\/\" data-orig-file=\"https:\/\/i0.wp.com\/www.decintivillalon.com\/wp-content\/uploads\/2018\/02\/veronica-tenorio-2.jpg?fit=1200%2C1600&amp;ssl=1\" data-orig-size=\"1200,1600\" data-comments-opened=\"0\" data-image-meta=\"{&quot;aperture&quot;:&quot;0&quot;,&quot;credit&quot;:&quot;&quot;,&quot;camera&quot;:&quot;&quot;,&quot;caption&quot;:&quot;&quot;,&quot;created_timestamp&quot;:&quot;0&quot;,&quot;copyright&quot;:&quot;&quot;,&quot;focal_length&quot;:&quot;0&quot;,&quot;iso&quot;:&quot;0&quot;,&quot;shutter_speed&quot;:&quot;0&quot;,&quot;title&quot;:&quot;&quot;,&quot;orientation&quot;:&quot;0&quot;}\" data-image-title=\"veronica tenorio (2)\" data-image-description=\"\" data-image-caption=\"&lt;p&gt;&lt;\/p&gt;\n\" data-large-file=\"https:\/\/i0.wp.com\/www.decintivillalon.com\/wp-content\/uploads\/2018\/02\/veronica-tenorio-2.jpg?fit=768%2C1024&amp;ssl=1\" \/><\/a>\n\t\t\t<\/dt>\n\t\t\t\t<dd class='wp-caption-text gallery-caption' id='gallery-1-7951'>\n\t\t\t\t<h5>Ver\u00f3nica Tenorio<\/h5>\n&#8220;Catedral de San Pedro y San Pablo&#8221;<br>\n\u00d3leo sobre leinzo 50 x 65 cm <br>\nA la orilla del estanque rojo, tras la arbolada de colores la Catedral de San Pedro y San Pablo fue construida para dar cobijo a todos los feligreses. Tras sus muros de ladrillo se encuentra la historia de Peterhof que se refleja como un espejo en el agua invit\u00e1ndote a so\u00f1ar.\n\t\t\t\t<\/dd><\/dl><dl class='gallery-item'>\n\t\t\t<dt class='gallery-icon landscape'>\n\t\t\t\t<a href='https:\/\/www.decintivillalon.com\/en\/2018\/02\/16\/homenaje-a-rusia\/matilde-aguirre-3\/'><img loading=\"lazy\" decoding=\"async\" width=\"150\" height=\"150\" src=\"https:\/\/i0.wp.com\/www.decintivillalon.com\/wp-content\/uploads\/2018\/02\/matilde-Aguirre.jpg?resize=150%2C150&amp;ssl=1\" class=\"attachment-thumbnail size-thumbnail\" alt=\"\" aria-describedby=\"gallery-1-7985\" srcset=\"https:\/\/i0.wp.com\/www.decintivillalon.com\/wp-content\/uploads\/2018\/02\/matilde-Aguirre.jpg?resize=150%2C150&amp;ssl=1 150w, https:\/\/i0.wp.com\/www.decintivillalon.com\/wp-content\/uploads\/2018\/02\/matilde-Aguirre.jpg?zoom=2&amp;resize=150%2C150&amp;ssl=1 300w, https:\/\/i0.wp.com\/www.decintivillalon.com\/wp-content\/uploads\/2018\/02\/matilde-Aguirre.jpg?zoom=3&amp;resize=150%2C150&amp;ssl=1 450w\" sizes=\"auto, (max-width: 150px) 100vw, 150px\" data-attachment-id=\"7985\" data-permalink=\"https:\/\/www.decintivillalon.com\/en\/2018\/02\/16\/homenaje-a-rusia\/matilde-aguirre-3\/\" data-orig-file=\"https:\/\/i0.wp.com\/www.decintivillalon.com\/wp-content\/uploads\/2018\/02\/matilde-Aguirre.jpg?fit=1200%2C923&amp;ssl=1\" data-orig-size=\"1200,923\" data-comments-opened=\"0\" data-image-meta=\"{&quot;aperture&quot;:&quot;0&quot;,&quot;credit&quot;:&quot;&quot;,&quot;camera&quot;:&quot;&quot;,&quot;caption&quot;:&quot;&quot;,&quot;created_timestamp&quot;:&quot;0&quot;,&quot;copyright&quot;:&quot;&quot;,&quot;focal_length&quot;:&quot;0&quot;,&quot;iso&quot;:&quot;0&quot;,&quot;shutter_speed&quot;:&quot;0&quot;,&quot;title&quot;:&quot;&quot;,&quot;orientation&quot;:&quot;0&quot;}\" data-image-title=\"matilde-Aguirre\" data-image-description=\"\" data-image-caption=\"&lt;p&gt;&lt;\/p&gt;\n\" data-large-file=\"https:\/\/i0.wp.com\/www.decintivillalon.com\/wp-content\/uploads\/2018\/02\/matilde-Aguirre.jpg?fit=1024%2C788&amp;ssl=1\" \/><\/a>\n\t\t\t<\/dt>\n\t\t\t\t<dd class='wp-caption-text gallery-caption' id='gallery-1-7985'>\n\t\t\t\t<h5>Matilde Aguirre<\/h5>&#8220;Rompiendo el hielo&#8221;<br>\u00d3leo sobre lienzo 65 x 50 cm<br>D\u00eda frio y soleado en Moscu, el hielo cambia la imagen de esta impresionante ciudad.\n\t\t\t\t<\/dd><\/dl><br style=\"clear: both\" \/>\n\t\t<\/div>\n\n<h2>Exposiciones del tema<\/h2>\n<h3>2018. Centro Ruso de Ciencia y Cultura en Madrid<\/h3>\n<p><strong>Inauguraci\u00f3n:<\/strong> jueves, 1 de marzo, a las 19 hrs<br \/>\n<strong>Presentaci\u00f3n:<\/strong> Eduard Anat\u00f3lievich Sokolov, Director de la Representaci\u00f3n de \u201cRossotrudnichestvo\u201d en Espa\u00f1a. Consejero de la Embajada de la Federaci\u00f3n de Rusia en Espa\u00f1a.<br \/>\n<strong>Comisarios:<\/strong> Alejandro DeCinti, Oscar Villal\u00f3n<br \/>\n<strong>Organizaci\u00f3n:<\/strong> Charo Rolland, Elena Krasnova<br \/>\n<strong>Equipo de montaje:<\/strong>Elena Krasnova, Ana Mar\u00eda Sarmiento, Jos\u00e9 G\u00f3mez, Marjolaine Del Pino, Matilde Aguirre, Ivanna Gautier, Amparo Torrej\u00f3n.<br \/>\n<strong>Duraci\u00f3n de la exposici\u00f3n:<\/strong> Del 1 al 30 de marzo de 2018<br \/>\n<strong>Lugar:<\/strong> Sala de Exposiciones del Centro Ruso de Ciencia y Cultura. Calle de Alcal\u00e1, 61, 28014 Madrid. T. 913601772 <a href=\"http:\/\/esp.rs.gov.ru\/es\">esp.rs.gov.ru\/es.<\/a><br \/>\n<strong>Horario:<\/strong> lunes a viernes de 9:30 a 14 y de 16 a 20:00 hrs<\/p>\n<h2>Lista de Precios<\/h2>\n<p><iframe loading=\"lazy\" src=\"https:\/\/docs.google.com\/spreadsheets\/d\/e\/2PACX-1vTZ3KI1ReEHJlq5Pg6347WDP7nvgyx0pkVIBc2jHNlrTv3BiDl3NLfZZMcqQEdjQCqqyvW1ovZgRsXM\/pubhtml?gid=112728460&amp;single=true&amp;widget=true&amp;headers=false\" width=\"100%\" height=\"1000\"><\/iframe><\/p>\n<h2>Cartel<\/h2>\n<p><img data-recalc-dims=\"1\" loading=\"lazy\" decoding=\"async\" data-attachment-id=\"7988\" data-permalink=\"https:\/\/www.decintivillalon.com\/en\/2018\/02\/16\/homenaje-a-rusia\/captura-3\/\" data-orig-file=\"https:\/\/i0.wp.com\/www.decintivillalon.com\/wp-content\/uploads\/2018\/02\/Captura-1.png?fit=605%2C857&amp;ssl=1\" data-orig-size=\"605,857\" data-comments-opened=\"0\" data-image-meta=\"{&quot;aperture&quot;:&quot;0&quot;,&quot;credit&quot;:&quot;&quot;,&quot;camera&quot;:&quot;&quot;,&quot;caption&quot;:&quot;&quot;,&quot;created_timestamp&quot;:&quot;0&quot;,&quot;copyright&quot;:&quot;&quot;,&quot;focal_length&quot;:&quot;0&quot;,&quot;iso&quot;:&quot;0&quot;,&quot;shutter_speed&quot;:&quot;0&quot;,&quot;title&quot;:&quot;&quot;,&quot;orientation&quot;:&quot;0&quot;}\" data-image-title=\"Captura\" data-image-description=\"\" data-image-caption=\"\" data-large-file=\"https:\/\/i0.wp.com\/www.decintivillalon.com\/wp-content\/uploads\/2018\/02\/Captura-1.png?fit=605%2C857&amp;ssl=1\" class=\"aligncenter size-full wp-image-7988\" src=\"https:\/\/i0.wp.com\/www.decintivillalon.com\/wp-content\/uploads\/2018\/02\/Captura-1.png?resize=605%2C857\" alt=\"\" width=\"605\" height=\"857\" srcset=\"https:\/\/i0.wp.com\/www.decintivillalon.com\/wp-content\/uploads\/2018\/02\/Captura-1.png?w=605&amp;ssl=1 605w, https:\/\/i0.wp.com\/www.decintivillalon.com\/wp-content\/uploads\/2018\/02\/Captura-1.png?resize=212%2C300&amp;ssl=1 212w\" sizes=\"auto, (max-width: 605px) 100vw, 605px\" \/><\/p>\n<h2>Cat\u00e1logo<\/h2>\n<div class=\"issuuembed\" style=\"width: 100%; height: 284px;\" data-configid=\"4122138\/58854788\"><\/div>\n<p><script type=\"text\/javascript\" src=\"\/\/e.issuu.com\/embed.js\" async=\"true\"><\/script><\/p>","protected":false},"excerpt":{"rendered":"<p>Inicio &gt; Archivo &gt;\u00a0Proyectos &gt; Homenaje a Rusia Presentaci\u00f3n La Academia de Pintura Decinti Villal\u00f3n tiene el agrado de presentar la exposici\u00f3n \u201cHomenaje a Rusia\u201d, en el Centro Ruso de Ciencia y Cultura\u00a0de Madrid. La habitual presencia de ciudadanos\u00a0 rusos en nuestro taller y el especial impulso de la pintora Elena Krasnova, nos ha permitido [&#8230;]<\/p>\n","protected":false},"author":1,"featured_media":7988,"comment_status":"closed","ping_status":"closed","sticky":false,"template":"","format":"standard","meta":{"_acf_changed":false,"_jetpack_memberships_contains_paid_content":false,"footnotes":"","jetpack_publicize_message":"","jetpack_publicize_feature_enabled":true,"jetpack_social_post_already_shared":false,"jetpack_social_options":{"image_generator_settings":{"template":"highway","default_image_id":0,"font":"","enabled":false},"version":2}},"categories":[16],"tags":[],"yst_prominent_words":[552,555,545,541,550,553,543,554,548,542,539,551,544,88,540,538,556,547,549,546],"class_list":["post-7854","post","type-post","status-publish","format-standard","has-post-thumbnail","hentry","category-proyectos"],"acf":[],"jetpack_publicize_connections":[],"jetpack_featured_media_url":"https:\/\/i0.wp.com\/www.decintivillalon.com\/wp-content\/uploads\/2018\/02\/Captura-1.png?fit=605%2C857&ssl=1","yoast_head":"<!-- This site is optimized with the Yoast SEO Premium plugin v14.1 - https:\/\/yoast.com\/wordpress\/plugins\/seo\/ -->\n<meta name=\"description\" content=\"Toda la informaci\u00f3n\" \/>\n<meta name=\"robots\" content=\"index, follow\" \/>\n<meta name=\"googlebot\" content=\"index, follow, max-snippet:-1, max-image-preview:large, max-video-preview:-1\" \/>\n<meta name=\"bingbot\" content=\"index, follow, max-snippet:-1, max-image-preview:large, max-video-preview:-1\" \/>\n<link rel=\"canonical\" href=\"https:\/\/www.decintivillalon.com\/en\/2018\/02\/16\/homenaje-a-rusia\/\" \/>\n<meta property=\"og:locale\" content=\"en_US\" \/>\n<meta property=\"og:type\" content=\"article\" \/>\n<meta property=\"og:title\" content=\"Exposici\u00f3n colectiva DV &quot;Homenaje a Rusia&quot;\" \/>\n<meta property=\"og:description\" content=\"Toda la informaci\u00f3n\" \/>\n<meta property=\"og:url\" content=\"https:\/\/www.decintivillalon.com\/en\/2018\/02\/16\/homenaje-a-rusia\/\" \/>\n<meta property=\"og:site_name\" content=\"DeCinti Villal\u00f3n: Academia de Pintura en Madrid D V Madrid, Academia de Pintura de Madrid | \u00d3leo | Acuarela | Dibujo\" \/>\n<meta property=\"article:publisher\" content=\"https:\/\/www.facebook.com\/ADVMadrid\" \/>\n<meta property=\"article:published_time\" content=\"2018-02-16T06:07:51+00:00\" \/>\n<meta property=\"article:modified_time\" content=\"2018-08-21T05:21:09+00:00\" \/>\n<meta property=\"og:image\" content=\"https:\/\/i0.wp.com\/www.decintivillalon.com\/wp-content\/uploads\/2018\/02\/Captura-1.png?fit=605%2C857&#038;ssl=1\" \/>\n\t<meta property=\"og:image:width\" content=\"605\" \/>\n\t<meta property=\"og:image:height\" content=\"857\" \/>\n<script type=\"application\/ld+json\" class=\"yoast-schema-graph\">{\"@context\":\"https:\/\/schema.org\",\"@graph\":[{\"@type\":\"Organization\",\"@id\":\"https:\/\/www.decintivillalon.com\/en\/#organization\",\"name\":\"DeCinti & Vilall\\u00f3n S.L.\",\"url\":\"https:\/\/www.decintivillalon.com\/en\/\",\"sameAs\":[\"https:\/\/www.facebook.com\/ADVMadrid\",\"https:\/\/www.youtube.com\/user\/artedv\"],\"logo\":{\"@type\":\"ImageObject\",\"@id\":\"https:\/\/www.decintivillalon.com\/en\/#logo\",\"inLanguage\":\"en-US\",\"url\":\"https:\/\/i0.wp.com\/www.decintivillalon.com\/wp-content\/uploads\/2014\/11\/1-logodv-0011.jpg?fit=80%2C80&ssl=1\",\"width\":80,\"height\":80,\"caption\":\"DeCinti & Vilall\\u00f3n S.L.\"},\"image\":{\"@id\":\"https:\/\/www.decintivillalon.com\/en\/#logo\"}},{\"@type\":\"WebSite\",\"@id\":\"https:\/\/www.decintivillalon.com\/en\/#website\",\"url\":\"https:\/\/www.decintivillalon.com\/en\/\",\"name\":\"DeCinti Villal\\u00f3n: Academia de Pintura en Madrid D V Madrid, Academia de Pintura de Madrid | \\u00d3leo | Acuarela | Dibujo\",\"description\":\"Curso nacional e internacional. Profesores expertos Academia de Pintura Especialistas en \\u00d3leo\",\"publisher\":{\"@id\":\"https:\/\/www.decintivillalon.com\/en\/#organization\"},\"potentialAction\":[{\"@type\":\"SearchAction\",\"target\":\"https:\/\/www.decintivillalon.com\/en\/?s={search_term_string}\",\"query-input\":\"required name=search_term_string\"}],\"inLanguage\":\"en-US\"},{\"@type\":\"ImageObject\",\"@id\":\"https:\/\/www.decintivillalon.com\/en\/2018\/02\/16\/homenaje-a-rusia\/#primaryimage\",\"inLanguage\":\"en-US\",\"url\":\"https:\/\/i0.wp.com\/www.decintivillalon.com\/wp-content\/uploads\/2018\/02\/Captura-1.png?fit=605%2C857&ssl=1\",\"width\":605,\"height\":857},{\"@type\":\"WebPage\",\"@id\":\"https:\/\/www.decintivillalon.com\/en\/2018\/02\/16\/homenaje-a-rusia\/#webpage\",\"url\":\"https:\/\/www.decintivillalon.com\/en\/2018\/02\/16\/homenaje-a-rusia\/\",\"name\":\"Exposici\\u00f3n colectiva DV \\\"Homenaje a Rusia\\\"\",\"isPartOf\":{\"@id\":\"https:\/\/www.decintivillalon.com\/en\/#website\"},\"primaryImageOfPage\":{\"@id\":\"https:\/\/www.decintivillalon.com\/en\/2018\/02\/16\/homenaje-a-rusia\/#primaryimage\"},\"datePublished\":\"2018-02-16T06:07:51+00:00\",\"dateModified\":\"2018-08-21T05:21:09+00:00\",\"description\":\"Toda la informaci\\u00f3n\",\"breadcrumb\":{\"@id\":\"https:\/\/www.decintivillalon.com\/en\/2018\/02\/16\/homenaje-a-rusia\/#breadcrumb\"},\"inLanguage\":\"en-US\",\"potentialAction\":[{\"@type\":\"ReadAction\",\"target\":[\"https:\/\/www.decintivillalon.com\/en\/2018\/02\/16\/homenaje-a-rusia\/\"]}]},{\"@type\":\"BreadcrumbList\",\"@id\":\"https:\/\/www.decintivillalon.com\/en\/2018\/02\/16\/homenaje-a-rusia\/#breadcrumb\",\"itemListElement\":[{\"@type\":\"ListItem\",\"position\":1,\"item\":{\"@type\":\"WebPage\",\"@id\":\"https:\/\/www.decintivillalon.com\/\",\"url\":\"https:\/\/www.decintivillalon.com\/\",\"name\":\"Portada\"}},{\"@type\":\"ListItem\",\"position\":2,\"item\":{\"@type\":\"WebPage\",\"@id\":\"https:\/\/www.decintivillalon.com\/en\/2018\/02\/16\/homenaje-a-rusia\/\",\"url\":\"https:\/\/www.decintivillalon.com\/en\/2018\/02\/16\/homenaje-a-rusia\/\",\"name\":\"Tribute to Russia\"}}]},{\"@type\":\"Article\",\"@id\":\"https:\/\/www.decintivillalon.com\/en\/2018\/02\/16\/homenaje-a-rusia\/#article\",\"isPartOf\":{\"@id\":\"https:\/\/www.decintivillalon.com\/en\/2018\/02\/16\/homenaje-a-rusia\/#webpage\"},\"author\":{\"@id\":\"https:\/\/www.decintivillalon.com\/en\/#\/schema\/person\/f8dab1f105dd8bfc55633b635e8e1db9\"},\"headline\":\"Tribute to Russia\",\"datePublished\":\"2018-02-16T06:07:51+00:00\",\"dateModified\":\"2018-08-21T05:21:09+00:00\",\"commentCount\":0,\"mainEntityOfPage\":{\"@id\":\"https:\/\/www.decintivillalon.com\/en\/2018\/02\/16\/homenaje-a-rusia\/#webpage\"},\"publisher\":{\"@id\":\"https:\/\/www.decintivillalon.com\/en\/#organization\"},\"image\":{\"@id\":\"https:\/\/www.decintivillalon.com\/en\/2018\/02\/16\/homenaje-a-rusia\/#primaryimage\"},\"articleSection\":\"Proyectos\",\"inLanguage\":\"en-US\"},{\"@type\":[\"Person\"],\"@id\":\"https:\/\/www.decintivillalon.com\/en\/#\/schema\/person\/f8dab1f105dd8bfc55633b635e8e1db9\",\"name\":\"decinti\",\"image\":{\"@type\":\"ImageObject\",\"@id\":\"https:\/\/www.decintivillalon.com\/en\/#personlogo\",\"inLanguage\":\"en-US\",\"url\":\"https:\/\/secure.gravatar.com\/avatar\/388a3c230c5d7caa6b569a01138507d0e25d11ffe58a31d77879ed0fb70b9e85?s=96&d=mm&r=g\",\"caption\":\"decinti\"}}]}<\/script>\n<!-- \/ Yoast SEO Premium plugin. -->","jetpack_shortlink":"https:\/\/wp.me\/p3Hbis-22G","jetpack_sharing_enabled":true,"_links":{"self":[{"href":"https:\/\/www.decintivillalon.com\/en\/wp-json\/wp\/v2\/posts\/7854","targetHints":{"allow":["GET"]}}],"collection":[{"href":"https:\/\/www.decintivillalon.com\/en\/wp-json\/wp\/v2\/posts"}],"about":[{"href":"https:\/\/www.decintivillalon.com\/en\/wp-json\/wp\/v2\/types\/post"}],"author":[{"embeddable":true,"href":"https:\/\/www.decintivillalon.com\/en\/wp-json\/wp\/v2\/users\/1"}],"replies":[{"embeddable":true,"href":"https:\/\/www.decintivillalon.com\/en\/wp-json\/wp\/v2\/comments?post=7854"}],"version-history":[{"count":0,"href":"https:\/\/www.decintivillalon.com\/en\/wp-json\/wp\/v2\/posts\/7854\/revisions"}],"wp:featuredmedia":[{"embeddable":true,"href":"https:\/\/www.decintivillalon.com\/en\/wp-json\/wp\/v2\/media\/7988"}],"wp:attachment":[{"href":"https:\/\/www.decintivillalon.com\/en\/wp-json\/wp\/v2\/media?parent=7854"}],"wp:term":[{"taxonomy":"category","embeddable":true,"href":"https:\/\/www.decintivillalon.com\/en\/wp-json\/wp\/v2\/categories?post=7854"},{"taxonomy":"post_tag","embeddable":true,"href":"https:\/\/www.decintivillalon.com\/en\/wp-json\/wp\/v2\/tags?post=7854"},{"taxonomy":"yst_prominent_words","embeddable":true,"href":"https:\/\/www.decintivillalon.com\/en\/wp-json\/wp\/v2\/yst_prominent_words?post=7854"}],"curies":[{"name":"wp","href":"https:\/\/api.w.org\/{rel}","templated":true}]}}