{"id":457,"date":"2012-01-17T17:33:48","date_gmt":"2012-01-17T17:33:48","guid":{"rendered":"http:\/\/www.decintivillalon.com\/cmsprueba\/?p=457"},"modified":"2019-11-03T09:55:41","modified_gmt":"2019-11-03T09:55:41","slug":"2007-publicaciones","status":"publish","type":"post","link":"https:\/\/www.decintivillalon.com\/en\/2012\/01\/17\/2007-publicaciones\/","title":{"rendered":"2007  Art Editions"},"content":{"rendered":"<p>| <a title=\"2016 Exposiciones\" href=\" http:\/\/www.decintivillalon.com\/2016\/12\/01\/2016-exposiciones\/\">16<\/a> | <a title=\"2015 Exposiciones\" href=\"http:\/\/www.decintivillalon.com\/2015\/04\/26\/2015-exposiciones\/\">15<\/a> | <a title=\"2014 Exposiciones\" href=\"http:\/\/www.decintivillalon.com\/2014\/10\/20\/2014-exposiciones\/\">14<\/a> | <a title=\"2013 Exposiciones\" href=\"http:\/\/www.decintivillalon.com\/2014\/10\/20\/2013-exposiciones\/\">13<\/a> | <a title=\"Exposiciones\" href=\"http:\/\/www.decintivillalon.com\/?p=1847\">12<\/a> | <a title=\"Exposiciones\" href=\"http:\/\/www.decintivillalon.com\/?p=1866\">11<\/a> | <a title=\"2010\" href=\"http:\/\/www.decintivillalon.com\/?p=399\">10<\/a> | <a title=\"2009\" href=\"http:\/\/www.decintivillalon.com\/?p=401\">09<\/a> | <a title=\"2008\" href=\"http:\/\/www.decintivillalon.com\/?p=403\">08<\/a> | <a title=\"2007\" href=\"http:\/\/www.decintivillalon.com\/?p=406\">2007<\/a> | <a title=\"2006\" href=\"http:\/\/www.decintivillalon.com\/?p=408\">06<\/a> | <a title=\"2005\" href=\"http:\/\/www.decintivillalon.com\/?p=411\">05<\/a> | <a title=\"2004 Publicaciones\" href=\"http:\/\/www.decintivillalon.com\/?p=415\">04<\/a> |<\/p>\n<h3>2007, Art Exhibition \/ Peque\u00f1a Am\u00e9rica<\/h3>\n<div data-configid=\"4122138\/2455779\" style=\"width:525px; height:263px;\" class=\"issuuembed\"><\/div>\n<p><script type=\"text\/javascript\" src=\"\/\/e.issuu.com\/embed.js\" async=\"true\"><\/script><\/p>\n<h3>2007, En la Luz de la Realidad \/ Bad Frankenhausen, Alemania<\/h3>\n<p><a id=\"articleImageLink\" title=\"Im Licht der Wirklichkeit - Zeitgen\u00f6ssischer Realismus in Spanien\" href=\"http:\/\/www.panorama-museum.de\/de\/artikeldetail\/kategorie\/kataloge\/artikel\/im-licht-der-wirklichkeit-zeitgenoessischer-realismus-in-spanien.html\" rel=\"lightbox\"><img data-recalc-dims=\"1\" loading=\"lazy\" decoding=\"async\" data-attachment-id=\"1283\" data-permalink=\"https:\/\/www.decintivillalon.com\/en\/oscar-villalon\/obra-2\/3-en-arcilla-122-x-85-cm-2004-2\/\" data-orig-file=\"https:\/\/i0.wp.com\/www.decintivillalon.com\/wp-content\/uploads\/2012\/07\/3.-En-Arcilla-122-x-85-cm-2004.jpeg?fit=1200%2C836&amp;ssl=1\" data-orig-size=\"1200,836\" data-comments-opened=\"1\" data-image-meta=\"{&quot;aperture&quot;:&quot;0&quot;,&quot;credit&quot;:&quot;&quot;,&quot;camera&quot;:&quot;&quot;,&quot;caption&quot;:&quot;&quot;,&quot;created_timestamp&quot;:&quot;0&quot;,&quot;copyright&quot;:&quot;&quot;,&quot;focal_length&quot;:&quot;0&quot;,&quot;iso&quot;:&quot;0&quot;,&quot;shutter_speed&quot;:&quot;0&quot;,&quot;title&quot;:&quot;&quot;}\" data-image-title=\"3.- En Arcilla 122 x 85 cm 2004\" data-image-description=\"\" data-image-caption=\"\" data-large-file=\"https:\/\/i0.wp.com\/www.decintivillalon.com\/wp-content\/uploads\/2012\/07\/3.-En-Arcilla-122-x-85-cm-2004.jpeg?fit=1024%2C713&amp;ssl=1\" class=\"alignleft size-full wp-image-1283\" alt=\"descarga\" src=\"https:\/\/i0.wp.com\/www.decinti.com\/wp-content\/uploads\/2013\/04\/descarga.jpeg?resize=188%2C236\" width=\"188\" height=\"236\" \/><\/a><\/p>\n<h4><a href=\"http:\/\/www.panorama-museum.de\/de\/artikeldetail\/kategorie\/kataloge\/artikel\/im-licht-der-wirklichkeit-zeitgenoessischer-realismus-in-spanien.html\">En la luz de la realidad<\/a>. <a style=\"font-size: 1em;\" href=\"http:\/\/www.panorama-museum.de\/de\/artikeldetail\/kategorie\/kataloge\/artikel\/im-licht-der-wirklichkeit-zeitgenoessischer-realismus-in-spanien.html\">Realismo contempor\u00e1neo en Espa\u00f1a<\/a><\/h4>\n<p>Cat\u00e1logo de la exposici\u00f3n &#8220;A la luz de la realidad.&#8221; Por primera vez en Alemania fue durante m\u00e1s de un cuarto de siglo (incluso en la parte oriental del pa\u00eds, incluso por primera vez) hecha con esta amplia exposici\u00f3n del intento de introducir algunas de las obras m\u00e1s significativas del realismo moderno en Espa\u00f1a. Amalia Avia, Cristian Avil\u00e9s, Daniel Aguirre-Aceval, Alejandro Decinti, Carlos D\u00edaz, C\u00e9sar Galicia, Clara Gangutia, Jes\u00fas Ib\u00e1\u00f1ez, Antonio L\u00f3pez, Luis Marsans, Mar\u00eda Moreno, Pedro Moreno Meyerhoff, Guillermo Mu\u00f1oz, Alejandro Quincoces, Isabel Quintanilla, Josep Roca-Sastre.<\/p>\n<h4><a href=\"http:\/\/www.panorama-museum.de\/de\/artikeldetail\/kategorie\/kataloge\/artikel\/im-licht-der-wirklichkeit-zeitgenoessischer-realismus-in-spanien.html\">15,00 \u20ac incluido IVA<\/a><\/h4>\n<p>A la luz de la realidad Realismo Contempor\u00e1neo de Espa\u00f1a, textos de Michael Nungesser y Gerd Lindner. 160 p\u00e1ginas, 81 ilustraciones a todo color, Panorama Museum Bad Frankenhausen 2007<\/p>\n<h3>2007, Exposici\u00f3n Individual Puri Verde<\/h3>\n","protected":false},"excerpt":{"rendered":"<p>| 16 | 15 | 14 | 13 | 12 | 11 | 10 | 09 | 08 | 2007 | 06 | 05 | 04 | 2007, Art Exhibition \/ Peque\u00f1a Am\u00e9rica 2007, En la Luz de la Realidad \/ Bad Frankenhausen, Alemania En la luz de la realidad. Realismo contempor\u00e1neo en Espa\u00f1a Cat\u00e1logo [&#8230;]<\/p>\n","protected":false},"author":1,"featured_media":4958,"comment_status":"closed","ping_status":"closed","sticky":false,"template":"","format":"standard","meta":{"_acf_changed":false,"_jetpack_memberships_contains_paid_content":false,"footnotes":"","jetpack_publicize_message":"","jetpack_publicize_feature_enabled":true,"jetpack_social_post_already_shared":false,"jetpack_social_options":{"image_generator_settings":{"template":"highway","default_image_id":0,"font":"","enabled":false},"version":2}},"categories":[5],"tags":[],"yst_prominent_words":[872,1043,1046,1042,1051,1048,1039,1052,1045,1038,1037,1054,1050,1047,1053,1044,293,291,1049,295],"class_list":["post-457","post","type-post","status-publish","format-standard","has-post-thumbnail","hentry","category-publicaciones"],"acf":[],"jetpack_publicize_connections":[],"jetpack_featured_media_url":"https:\/\/i0.wp.com\/www.decintivillalon.com\/wp-content\/uploads\/2012\/01\/2007.jpg?fit=684%2C683&ssl=1","yoast_head":"<!-- This site is optimized with the Yoast SEO Premium plugin v14.1 - https:\/\/yoast.com\/wordpress\/plugins\/seo\/ -->\n<meta name=\"description\" content=\"Nuestras publicaciones 2007\" \/>\n<meta name=\"robots\" content=\"index, follow\" \/>\n<meta name=\"googlebot\" content=\"index, follow, max-snippet:-1, max-image-preview:large, max-video-preview:-1\" \/>\n<meta name=\"bingbot\" content=\"index, follow, max-snippet:-1, max-image-preview:large, max-video-preview:-1\" \/>\n<link rel=\"canonical\" href=\"https:\/\/www.decintivillalon.com\/2012\/01\/17\/2007-publicaciones\/\" \/>\n<meta property=\"og:locale\" content=\"en_US\" \/>\n<meta property=\"og:type\" content=\"article\" \/>\n<meta property=\"og:title\" content=\"Publicaciones DV 2007\" \/>\n<meta property=\"og:description\" content=\"Nuestras publicaciones 2007\" \/>\n<meta property=\"og:url\" content=\"https:\/\/www.decintivillalon.com\/2012\/01\/17\/2007-publicaciones\/\" \/>\n<meta property=\"og:site_name\" content=\"DeCinti Villal\u00f3n: Academia de Pintura en Madrid D V Madrid, Academia de Pintura de Madrid | \u00d3leo | Acuarela | Dibujo\" \/>\n<meta property=\"article:publisher\" content=\"https:\/\/www.facebook.com\/ADVMadrid\" \/>\n<meta property=\"article:published_time\" content=\"2012-01-17T17:33:48+00:00\" \/>\n<meta property=\"article:modified_time\" content=\"2019-11-03T09:55:41+00:00\" \/>\n<meta property=\"og:image\" content=\"https:\/\/i0.wp.com\/www.decintivillalon.com\/wp-content\/uploads\/2012\/01\/2007.jpg?fit=684%2C683&#038;ssl=1\" \/>\n\t<meta property=\"og:image:width\" content=\"684\" \/>\n\t<meta property=\"og:image:height\" content=\"683\" \/>\n<script type=\"application\/ld+json\" class=\"yoast-schema-graph\">{\"@context\":\"https:\/\/schema.org\",\"@graph\":[{\"@type\":\"Organization\",\"@id\":\"https:\/\/www.decintivillalon.com\/en\/#organization\",\"name\":\"DeCinti & Vilall\\u00f3n S.L.\",\"url\":\"https:\/\/www.decintivillalon.com\/en\/\",\"sameAs\":[\"https:\/\/www.facebook.com\/ADVMadrid\",\"https:\/\/www.youtube.com\/user\/artedv\"],\"logo\":{\"@type\":\"ImageObject\",\"@id\":\"https:\/\/www.decintivillalon.com\/en\/#logo\",\"inLanguage\":\"en-US\",\"url\":\"https:\/\/i0.wp.com\/www.decintivillalon.com\/wp-content\/uploads\/2014\/11\/1-logodv-0011.jpg?fit=80%2C80&ssl=1\",\"width\":80,\"height\":80,\"caption\":\"DeCinti & Vilall\\u00f3n S.L.\"},\"image\":{\"@id\":\"https:\/\/www.decintivillalon.com\/en\/#logo\"}},{\"@type\":\"WebSite\",\"@id\":\"https:\/\/www.decintivillalon.com\/en\/#website\",\"url\":\"https:\/\/www.decintivillalon.com\/en\/\",\"name\":\"DeCinti Villal\\u00f3n: Academia de Pintura en Madrid D V Madrid, Academia de Pintura de Madrid | \\u00d3leo | Acuarela | Dibujo\",\"description\":\"Curso nacional e internacional. Profesores expertos Academia de Pintura Especialistas en \\u00d3leo\",\"publisher\":{\"@id\":\"https:\/\/www.decintivillalon.com\/en\/#organization\"},\"potentialAction\":[{\"@type\":\"SearchAction\",\"target\":\"https:\/\/www.decintivillalon.com\/en\/?s={search_term_string}\",\"query-input\":\"required name=search_term_string\"}],\"inLanguage\":\"en-US\"},{\"@type\":\"ImageObject\",\"@id\":\"https:\/\/www.decintivillalon.com\/2012\/01\/17\/2007-publicaciones\/#primaryimage\",\"inLanguage\":\"en-US\",\"url\":\"https:\/\/i0.wp.com\/www.decintivillalon.com\/wp-content\/uploads\/2012\/01\/2007.jpg?fit=684%2C683&ssl=1\",\"width\":684,\"height\":683},{\"@type\":\"WebPage\",\"@id\":\"https:\/\/www.decintivillalon.com\/2012\/01\/17\/2007-publicaciones\/#webpage\",\"url\":\"https:\/\/www.decintivillalon.com\/2012\/01\/17\/2007-publicaciones\/\",\"name\":\"Publicaciones DV 2007\",\"isPartOf\":{\"@id\":\"https:\/\/www.decintivillalon.com\/en\/#website\"},\"primaryImageOfPage\":{\"@id\":\"https:\/\/www.decintivillalon.com\/2012\/01\/17\/2007-publicaciones\/#primaryimage\"},\"datePublished\":\"2012-01-17T17:33:48+00:00\",\"dateModified\":\"2019-11-03T09:55:41+00:00\",\"description\":\"Nuestras publicaciones 2007\",\"breadcrumb\":{\"@id\":\"https:\/\/www.decintivillalon.com\/2012\/01\/17\/2007-publicaciones\/#breadcrumb\"},\"inLanguage\":\"en-US\",\"potentialAction\":[{\"@type\":\"ReadAction\",\"target\":[\"https:\/\/www.decintivillalon.com\/2012\/01\/17\/2007-publicaciones\/\"]}]},{\"@type\":\"BreadcrumbList\",\"@id\":\"https:\/\/www.decintivillalon.com\/2012\/01\/17\/2007-publicaciones\/#breadcrumb\",\"itemListElement\":[{\"@type\":\"ListItem\",\"position\":1,\"item\":{\"@type\":\"WebPage\",\"@id\":\"https:\/\/www.decintivillalon.com\/\",\"url\":\"https:\/\/www.decintivillalon.com\/\",\"name\":\"Portada\"}},{\"@type\":\"ListItem\",\"position\":2,\"item\":{\"@type\":\"WebPage\",\"@id\":\"https:\/\/www.decintivillalon.com\/2012\/01\/17\/2007-publicaciones\/\",\"url\":\"https:\/\/www.decintivillalon.com\/2012\/01\/17\/2007-publicaciones\/\",\"name\":\"2007 Ediciones de Arte\"}}]},{\"@type\":\"Article\",\"@id\":\"https:\/\/www.decintivillalon.com\/2012\/01\/17\/2007-publicaciones\/#article\",\"isPartOf\":{\"@id\":\"https:\/\/www.decintivillalon.com\/2012\/01\/17\/2007-publicaciones\/#webpage\"},\"author\":{\"@id\":\"https:\/\/www.decintivillalon.com\/en\/#\/schema\/person\/f8dab1f105dd8bfc55633b635e8e1db9\"},\"headline\":\"2007 Art Editions\",\"datePublished\":\"2012-01-17T17:33:48+00:00\",\"dateModified\":\"2019-11-03T09:55:41+00:00\",\"commentCount\":0,\"mainEntityOfPage\":{\"@id\":\"https:\/\/www.decintivillalon.com\/2012\/01\/17\/2007-publicaciones\/#webpage\"},\"publisher\":{\"@id\":\"https:\/\/www.decintivillalon.com\/en\/#organization\"},\"image\":{\"@id\":\"https:\/\/www.decintivillalon.com\/2012\/01\/17\/2007-publicaciones\/#primaryimage\"},\"articleSection\":\"Publicaciones\",\"inLanguage\":\"en-US\"},{\"@type\":[\"Person\"],\"@id\":\"https:\/\/www.decintivillalon.com\/en\/#\/schema\/person\/f8dab1f105dd8bfc55633b635e8e1db9\",\"name\":\"decinti\",\"image\":{\"@type\":\"ImageObject\",\"@id\":\"https:\/\/www.decintivillalon.com\/en\/#personlogo\",\"inLanguage\":\"en-US\",\"url\":\"https:\/\/secure.gravatar.com\/avatar\/388a3c230c5d7caa6b569a01138507d0e25d11ffe58a31d77879ed0fb70b9e85?s=96&d=mm&r=g\",\"caption\":\"decinti\"}}]}<\/script>\n<!-- \/ Yoast SEO Premium plugin. -->","jetpack_shortlink":"https:\/\/wp.me\/p3Hbis-7n","jetpack_sharing_enabled":true,"_links":{"self":[{"href":"https:\/\/www.decintivillalon.com\/en\/wp-json\/wp\/v2\/posts\/457","targetHints":{"allow":["GET"]}}],"collection":[{"href":"https:\/\/www.decintivillalon.com\/en\/wp-json\/wp\/v2\/posts"}],"about":[{"href":"https:\/\/www.decintivillalon.com\/en\/wp-json\/wp\/v2\/types\/post"}],"author":[{"embeddable":true,"href":"https:\/\/www.decintivillalon.com\/en\/wp-json\/wp\/v2\/users\/1"}],"replies":[{"embeddable":true,"href":"https:\/\/www.decintivillalon.com\/en\/wp-json\/wp\/v2\/comments?post=457"}],"version-history":[{"count":0,"href":"https:\/\/www.decintivillalon.com\/en\/wp-json\/wp\/v2\/posts\/457\/revisions"}],"wp:featuredmedia":[{"embeddable":true,"href":"https:\/\/www.decintivillalon.com\/en\/wp-json\/wp\/v2\/media\/4958"}],"wp:attachment":[{"href":"https:\/\/www.decintivillalon.com\/en\/wp-json\/wp\/v2\/media?parent=457"}],"wp:term":[{"taxonomy":"category","embeddable":true,"href":"https:\/\/www.decintivillalon.com\/en\/wp-json\/wp\/v2\/categories?post=457"},{"taxonomy":"post_tag","embeddable":true,"href":"https:\/\/www.decintivillalon.com\/en\/wp-json\/wp\/v2\/tags?post=457"},{"taxonomy":"yst_prominent_words","embeddable":true,"href":"https:\/\/www.decintivillalon.com\/en\/wp-json\/wp\/v2\/yst_prominent_words?post=457"}],"curies":[{"name":"wp","href":"https:\/\/api.w.org\/{rel}","templated":true}]}}