{"id":3858,"date":"2015-10-20T19:36:35","date_gmt":"2015-10-20T19:36:35","guid":{"rendered":"http:\/\/www.decintivillalon.com\/?p=3858"},"modified":"2018-08-21T05:31:51","modified_gmt":"2018-08-21T05:31:51","slug":"mujeres-y-ruralidad-en-chiloe-chile","status":"publish","type":"post","link":"https:\/\/www.decintivillalon.com\/en\/2015\/10\/20\/mujeres-y-ruralidad-en-chiloe-chile\/","title":{"rendered":"Women and rurality in Chilo\u00e9 (Chile)"},"content":{"rendered":"<p><a href=\"https:\/\/www.decintivillalon.com\/\">Inicio<\/a> &gt; <a href=\"https:\/\/www.decintivillalon.com\/archivo-de-proyectos-exposiciones-eventos\/\">Archivo<\/a> &gt;\u00a0<a href=\"https:\/\/www.decintivillalon.com\/category\/proyectos\/\">Proyectos<\/a> &gt; Mujeres y ruralidad en Chilo\u00e9 (Chile)<\/p>\n\n\t\t<style type=\"text\/css\">\n\t\t\t#gallery-1 {\n\t\t\t\tmargin: auto;\n\t\t\t}\n\t\t\t#gallery-1 .gallery-item {\n\t\t\t\tfloat: left;\n\t\t\t\tmargin-top: 10px;\n\t\t\t\ttext-align: center;\n\t\t\t\twidth: 25%;\n\t\t\t}\n\t\t\t#gallery-1 img {\n\t\t\t\tborder: 2px solid #cfcfcf;\n\t\t\t}\n\t\t\t#gallery-1 .gallery-caption {\n\t\t\t\tmargin-left: 0;\n\t\t\t}\n\t\t\t\/* see gallery_shortcode() in wp-includes\/media.php *\/\n\t\t<\/style>\n\t\t<div data-carousel-extra='{&quot;blog_id&quot;:1,&quot;permalink&quot;:&quot;https:\/\/www.decintivillalon.com\/en\/2015\/10\/20\/mujeres-y-ruralidad-en-chiloe-chile\/&quot;}' id='gallery-1' class='gallery galleryid-3858 gallery-columns-4 gallery-size-thumbnail'><dl class='gallery-item'>\n\t\t\t<dt class='gallery-icon landscape'>\n\t\t\t\t<a href='https:\/\/www.decintivillalon.com\/en\/archivo-de-proyectos-exposiciones-eventos\/dsc_0146\/'><img loading=\"lazy\" decoding=\"async\" width=\"150\" height=\"150\" src=\"https:\/\/i0.wp.com\/www.decintivillalon.com\/wp-content\/uploads\/2014\/02\/DSC_0146.jpg?resize=150%2C150&amp;ssl=1\" class=\"attachment-thumbnail size-thumbnail\" alt=\"\" srcset=\"https:\/\/i0.wp.com\/www.decintivillalon.com\/wp-content\/uploads\/2014\/02\/DSC_0146.jpg?resize=150%2C150&amp;ssl=1 150w, https:\/\/i0.wp.com\/www.decintivillalon.com\/wp-content\/uploads\/2014\/02\/DSC_0146.jpg?zoom=2&amp;resize=150%2C150&amp;ssl=1 300w, https:\/\/i0.wp.com\/www.decintivillalon.com\/wp-content\/uploads\/2014\/02\/DSC_0146.jpg?zoom=3&amp;resize=150%2C150&amp;ssl=1 450w\" sizes=\"auto, (max-width: 150px) 100vw, 150px\" data-attachment-id=\"2965\" data-permalink=\"https:\/\/www.decintivillalon.com\/en\/archivo-de-proyectos-exposiciones-eventos\/dsc_0146\/\" data-orig-file=\"https:\/\/i0.wp.com\/www.decintivillalon.com\/wp-content\/uploads\/2014\/02\/DSC_0146.jpg?fit=2048%2C1360&amp;ssl=1\" data-orig-size=\"2048,1360\" data-comments-opened=\"1\" data-image-meta=\"{&quot;aperture&quot;:&quot;5&quot;,&quot;credit&quot;:&quot;Picasa&quot;,&quot;camera&quot;:&quot;NIKON D3100&quot;,&quot;caption&quot;:&quot;&quot;,&quot;created_timestamp&quot;:&quot;1267861131&quot;,&quot;copyright&quot;:&quot;&quot;,&quot;focal_length&quot;:&quot;28&quot;,&quot;iso&quot;:&quot;200&quot;,&quot;shutter_speed&quot;:&quot;0.066666666666667&quot;,&quot;title&quot;:&quot;&quot;}\" data-image-title=\"DSC_0146\" data-image-description=\"\" data-image-caption=\"\" data-large-file=\"https:\/\/i0.wp.com\/www.decintivillalon.com\/wp-content\/uploads\/2014\/02\/DSC_0146.jpg?fit=1024%2C680&amp;ssl=1\" \/><\/a>\n\t\t\t<\/dt><\/dl><dl class='gallery-item'>\n\t\t\t<dt class='gallery-icon landscape'>\n\t\t\t\t<a href='https:\/\/www.decintivillalon.com\/en\/archivo-de-proyectos-exposiciones-eventos\/dsc_0106\/'><img loading=\"lazy\" decoding=\"async\" width=\"150\" height=\"150\" src=\"https:\/\/i0.wp.com\/www.decintivillalon.com\/wp-content\/uploads\/2014\/02\/DSC_0106.jpg?resize=150%2C150&amp;ssl=1\" class=\"attachment-thumbnail size-thumbnail\" alt=\"\" srcset=\"https:\/\/i0.wp.com\/www.decintivillalon.com\/wp-content\/uploads\/2014\/02\/DSC_0106.jpg?resize=150%2C150&amp;ssl=1 150w, https:\/\/i0.wp.com\/www.decintivillalon.com\/wp-content\/uploads\/2014\/02\/DSC_0106.jpg?zoom=2&amp;resize=150%2C150&amp;ssl=1 300w, https:\/\/i0.wp.com\/www.decintivillalon.com\/wp-content\/uploads\/2014\/02\/DSC_0106.jpg?zoom=3&amp;resize=150%2C150&amp;ssl=1 450w\" sizes=\"auto, (max-width: 150px) 100vw, 150px\" data-attachment-id=\"2985\" data-permalink=\"https:\/\/www.decintivillalon.com\/en\/archivo-de-proyectos-exposiciones-eventos\/dsc_0106\/\" data-orig-file=\"https:\/\/i0.wp.com\/www.decintivillalon.com\/wp-content\/uploads\/2014\/02\/DSC_0106.jpg?fit=1600%2C1063&amp;ssl=1\" data-orig-size=\"1600,1063\" data-comments-opened=\"1\" data-image-meta=\"{&quot;aperture&quot;:&quot;5&quot;,&quot;credit&quot;:&quot;Picasa&quot;,&quot;camera&quot;:&quot;NIKON D3100&quot;,&quot;caption&quot;:&quot;&quot;,&quot;created_timestamp&quot;:&quot;1267771011&quot;,&quot;copyright&quot;:&quot;&quot;,&quot;focal_length&quot;:&quot;24&quot;,&quot;iso&quot;:&quot;200&quot;,&quot;shutter_speed&quot;:&quot;0.2&quot;,&quot;title&quot;:&quot;&quot;}\" data-image-title=\"DSC_0106\" data-image-description=\"\" data-image-caption=\"\" data-large-file=\"https:\/\/i0.wp.com\/www.decintivillalon.com\/wp-content\/uploads\/2014\/02\/DSC_0106.jpg?fit=1024%2C680&amp;ssl=1\" \/><\/a>\n\t\t\t<\/dt><\/dl><dl class='gallery-item'>\n\t\t\t<dt class='gallery-icon landscape'>\n\t\t\t\t<a href='https:\/\/www.decintivillalon.com\/en\/archivo-de-proyectos-exposiciones-eventos\/dsc_0088-2\/'><img loading=\"lazy\" decoding=\"async\" width=\"150\" height=\"150\" src=\"https:\/\/i0.wp.com\/www.decintivillalon.com\/wp-content\/uploads\/2014\/02\/DSC_0088.jpg?resize=150%2C150&amp;ssl=1\" class=\"attachment-thumbnail size-thumbnail\" alt=\"\" srcset=\"https:\/\/i0.wp.com\/www.decintivillalon.com\/wp-content\/uploads\/2014\/02\/DSC_0088.jpg?resize=150%2C150&amp;ssl=1 150w, https:\/\/i0.wp.com\/www.decintivillalon.com\/wp-content\/uploads\/2014\/02\/DSC_0088.jpg?zoom=2&amp;resize=150%2C150&amp;ssl=1 300w, https:\/\/i0.wp.com\/www.decintivillalon.com\/wp-content\/uploads\/2014\/02\/DSC_0088.jpg?zoom=3&amp;resize=150%2C150&amp;ssl=1 450w\" sizes=\"auto, (max-width: 150px) 100vw, 150px\" data-attachment-id=\"2977\" data-permalink=\"https:\/\/www.decintivillalon.com\/en\/archivo-de-proyectos-exposiciones-eventos\/dsc_0088-2\/\" data-orig-file=\"https:\/\/i0.wp.com\/www.decintivillalon.com\/wp-content\/uploads\/2014\/02\/DSC_0088.jpg?fit=1600%2C1063&amp;ssl=1\" data-orig-size=\"1600,1063\" data-comments-opened=\"1\" data-image-meta=\"{&quot;aperture&quot;:&quot;4.5&quot;,&quot;credit&quot;:&quot;Picasa&quot;,&quot;camera&quot;:&quot;NIKON D3100&quot;,&quot;caption&quot;:&quot;&quot;,&quot;created_timestamp&quot;:&quot;1267770194&quot;,&quot;copyright&quot;:&quot;&quot;,&quot;focal_length&quot;:&quot;28&quot;,&quot;iso&quot;:&quot;200&quot;,&quot;shutter_speed&quot;:&quot;0.125&quot;,&quot;title&quot;:&quot;&quot;}\" data-image-title=\"DSC_0088\" data-image-description=\"\" data-image-caption=\"\" data-large-file=\"https:\/\/i0.wp.com\/www.decintivillalon.com\/wp-content\/uploads\/2014\/02\/DSC_0088.jpg?fit=1024%2C680&amp;ssl=1\" \/><\/a>\n\t\t\t<\/dt><\/dl><dl class='gallery-item'>\n\t\t\t<dt class='gallery-icon landscape'>\n\t\t\t\t<a href='https:\/\/www.decintivillalon.com\/en\/archivo-de-proyectos-exposiciones-eventos\/dsc_0114\/'><img loading=\"lazy\" decoding=\"async\" width=\"150\" height=\"150\" src=\"https:\/\/i0.wp.com\/www.decintivillalon.com\/wp-content\/uploads\/2014\/02\/DSC_0114.jpg?resize=150%2C150&amp;ssl=1\" class=\"attachment-thumbnail size-thumbnail\" alt=\"\" srcset=\"https:\/\/i0.wp.com\/www.decintivillalon.com\/wp-content\/uploads\/2014\/02\/DSC_0114.jpg?resize=150%2C150&amp;ssl=1 150w, https:\/\/i0.wp.com\/www.decintivillalon.com\/wp-content\/uploads\/2014\/02\/DSC_0114.jpg?zoom=2&amp;resize=150%2C150&amp;ssl=1 300w, https:\/\/i0.wp.com\/www.decintivillalon.com\/wp-content\/uploads\/2014\/02\/DSC_0114.jpg?zoom=3&amp;resize=150%2C150&amp;ssl=1 450w\" sizes=\"auto, (max-width: 150px) 100vw, 150px\" data-attachment-id=\"2986\" data-permalink=\"https:\/\/www.decintivillalon.com\/en\/archivo-de-proyectos-exposiciones-eventos\/dsc_0114\/\" data-orig-file=\"https:\/\/i0.wp.com\/www.decintivillalon.com\/wp-content\/uploads\/2014\/02\/DSC_0114.jpg?fit=1600%2C1063&amp;ssl=1\" data-orig-size=\"1600,1063\" data-comments-opened=\"1\" data-image-meta=\"{&quot;aperture&quot;:&quot;5&quot;,&quot;credit&quot;:&quot;Picasa&quot;,&quot;camera&quot;:&quot;NIKON D3100&quot;,&quot;caption&quot;:&quot;&quot;,&quot;created_timestamp&quot;:&quot;1267772491&quot;,&quot;copyright&quot;:&quot;&quot;,&quot;focal_length&quot;:&quot;26&quot;,&quot;iso&quot;:&quot;200&quot;,&quot;shutter_speed&quot;:&quot;0.5&quot;,&quot;title&quot;:&quot;&quot;}\" data-image-title=\"DSC_0114\" data-image-description=\"\" data-image-caption=\"\" data-large-file=\"https:\/\/i0.wp.com\/www.decintivillalon.com\/wp-content\/uploads\/2014\/02\/DSC_0114.jpg?fit=1024%2C680&amp;ssl=1\" \/><\/a>\n\t\t\t<\/dt><\/dl><br style=\"clear: both\" \/>\n\t\t<\/div>\n\nExposici\u00f3n DV: Ciclo &#8220;Mujeres de Chilo\u00e9 (Chile)&#8221;<\/p>\n<h2>Convocatoria y coordinaci\u00f3n<\/h2>\n<h4>Descripci\u00f3n del Proyecto<\/h4>\n<ul>\n<li>La tem\u00e1tica de este proyecto se inspira en las investigaciones de los chilenos Edith Rebolledo, soci\u00f3loga que ha estudiado en terreno a la mujer del entorno rural en Chilo\u00e9; y Mauro Olivos, artista pl\u00e1stico que aporta material gr\u00e1fico in\u00e9dito para la preparaci\u00f3n de la muestra.<\/li>\n<li>As\u00ed mismo alumnos pertenecientes a la escuela de Mauro Olivo en Chilo\u00e9, aportar\u00e1n obras que hablen de su realidad<\/li>\n<li>Los pintores de la escuela DV Madrid, desarrollaran obra destinada a exposiciones en el \u00e1mbito nacional e internacional en circuitos culturales estatales y galer\u00edas.<\/li>\n<\/ul>\n<h4>Reglas de participaci\u00f3n<\/h4>\n<ol>\n<li>Formato: 50 x 50 y\/o 65 x 50 cm. En el caso de ser acuarelas se podr\u00e1 incluir el marco dentro de los tama\u00f1os oficiales y deber\u00e1n estar enmarcadas y protegidas con metacrilato.<\/li>\n<li>Las propuestas deben ser aprobadas por los directores de la academia.<\/li>\n<li>La fecha de presentaci\u00f3n de obras acabadas y fotos digitales est\u00e1 por definir.<\/li>\n<li>Los alumnos que participan deben ser alumnos regulares y la obra debe desarrollarse parcialmente o en su totalidad en la academia.<\/li>\n<li>Precio de participaci\u00f3n por definir, obtendremos aportaciones econ\u00f3micas de las instituciones que auspician.<\/li>\n<li>Las publicaciones ser\u00e1n financiadas total o parcialmente por patrocinadores.<\/li>\n<\/ol>\n\n\t\t<style type=\"text\/css\">\n\t\t\t#gallery-2 {\n\t\t\t\tmargin: auto;\n\t\t\t}\n\t\t\t#gallery-2 .gallery-item {\n\t\t\t\tfloat: left;\n\t\t\t\tmargin-top: 10px;\n\t\t\t\ttext-align: center;\n\t\t\t\twidth: 25%;\n\t\t\t}\n\t\t\t#gallery-2 img {\n\t\t\t\tborder: 2px solid #cfcfcf;\n\t\t\t}\n\t\t\t#gallery-2 .gallery-caption {\n\t\t\t\tmargin-left: 0;\n\t\t\t}\n\t\t\t\/* see gallery_shortcode() in wp-includes\/media.php *\/\n\t\t<\/style>\n\t\t<div data-carousel-extra='{&quot;blog_id&quot;:1,&quot;permalink&quot;:&quot;https:\/\/www.decintivillalon.com\/en\/2015\/10\/20\/mujeres-y-ruralidad-en-chiloe-chile\/&quot;}' id='gallery-2' class='gallery galleryid-3858 gallery-columns-4 gallery-size-thumbnail'><dl class='gallery-item'>\n\t\t\t<dt class='gallery-icon landscape'>\n\t\t\t\t<a href='https:\/\/www.decintivillalon.com\/en\/archivo-de-proyectos-exposiciones-eventos\/dsc_0144\/'><img loading=\"lazy\" decoding=\"async\" width=\"150\" height=\"150\" src=\"https:\/\/i0.wp.com\/www.decintivillalon.com\/wp-content\/uploads\/2014\/02\/DSC_0144.jpg?resize=150%2C150&amp;ssl=1\" class=\"attachment-thumbnail size-thumbnail\" alt=\"\" srcset=\"https:\/\/i0.wp.com\/www.decintivillalon.com\/wp-content\/uploads\/2014\/02\/DSC_0144.jpg?resize=150%2C150&amp;ssl=1 150w, https:\/\/i0.wp.com\/www.decintivillalon.com\/wp-content\/uploads\/2014\/02\/DSC_0144.jpg?zoom=2&amp;resize=150%2C150&amp;ssl=1 300w, https:\/\/i0.wp.com\/www.decintivillalon.com\/wp-content\/uploads\/2014\/02\/DSC_0144.jpg?zoom=3&amp;resize=150%2C150&amp;ssl=1 450w\" sizes=\"auto, (max-width: 150px) 100vw, 150px\" data-attachment-id=\"2990\" data-permalink=\"https:\/\/www.decintivillalon.com\/en\/archivo-de-proyectos-exposiciones-eventos\/dsc_0144\/\" data-orig-file=\"https:\/\/i0.wp.com\/www.decintivillalon.com\/wp-content\/uploads\/2014\/02\/DSC_0144.jpg?fit=1600%2C1063&amp;ssl=1\" data-orig-size=\"1600,1063\" data-comments-opened=\"1\" data-image-meta=\"{&quot;aperture&quot;:&quot;5&quot;,&quot;credit&quot;:&quot;Picasa&quot;,&quot;camera&quot;:&quot;NIKON D3100&quot;,&quot;caption&quot;:&quot;&quot;,&quot;created_timestamp&quot;:&quot;1267775093&quot;,&quot;copyright&quot;:&quot;&quot;,&quot;focal_length&quot;:&quot;18&quot;,&quot;iso&quot;:&quot;200&quot;,&quot;shutter_speed&quot;:&quot;0.05&quot;,&quot;title&quot;:&quot;&quot;}\" data-image-title=\"DSC_0144\" data-image-description=\"\" data-image-caption=\"\" data-large-file=\"https:\/\/i0.wp.com\/www.decintivillalon.com\/wp-content\/uploads\/2014\/02\/DSC_0144.jpg?fit=1024%2C680&amp;ssl=1\" \/><\/a>\n\t\t\t<\/dt><\/dl><dl class='gallery-item'>\n\t\t\t<dt class='gallery-icon landscape'>\n\t\t\t\t<a href='https:\/\/www.decintivillalon.com\/en\/archivo-de-proyectos-exposiciones-eventos\/dsc_0143\/'><img loading=\"lazy\" decoding=\"async\" width=\"150\" height=\"150\" src=\"https:\/\/i0.wp.com\/www.decintivillalon.com\/wp-content\/uploads\/2014\/02\/DSC_0143.jpg?resize=150%2C150&amp;ssl=1\" class=\"attachment-thumbnail size-thumbnail\" alt=\"\" srcset=\"https:\/\/i0.wp.com\/www.decintivillalon.com\/wp-content\/uploads\/2014\/02\/DSC_0143.jpg?resize=150%2C150&amp;ssl=1 150w, https:\/\/i0.wp.com\/www.decintivillalon.com\/wp-content\/uploads\/2014\/02\/DSC_0143.jpg?zoom=2&amp;resize=150%2C150&amp;ssl=1 300w, https:\/\/i0.wp.com\/www.decintivillalon.com\/wp-content\/uploads\/2014\/02\/DSC_0143.jpg?zoom=3&amp;resize=150%2C150&amp;ssl=1 450w\" sizes=\"auto, (max-width: 150px) 100vw, 150px\" data-attachment-id=\"2989\" data-permalink=\"https:\/\/www.decintivillalon.com\/en\/archivo-de-proyectos-exposiciones-eventos\/dsc_0143\/\" data-orig-file=\"https:\/\/i0.wp.com\/www.decintivillalon.com\/wp-content\/uploads\/2014\/02\/DSC_0143.jpg?fit=1600%2C1063&amp;ssl=1\" data-orig-size=\"1600,1063\" data-comments-opened=\"1\" data-image-meta=\"{&quot;aperture&quot;:&quot;5&quot;,&quot;credit&quot;:&quot;Picasa&quot;,&quot;camera&quot;:&quot;NIKON D3100&quot;,&quot;caption&quot;:&quot;&quot;,&quot;created_timestamp&quot;:&quot;1267774629&quot;,&quot;copyright&quot;:&quot;&quot;,&quot;focal_length&quot;:&quot;18&quot;,&quot;iso&quot;:&quot;200&quot;,&quot;shutter_speed&quot;:&quot;0.066666666666667&quot;,&quot;title&quot;:&quot;&quot;}\" data-image-title=\"DSC_0143\" data-image-description=\"\" data-image-caption=\"\" data-large-file=\"https:\/\/i0.wp.com\/www.decintivillalon.com\/wp-content\/uploads\/2014\/02\/DSC_0143.jpg?fit=1024%2C680&amp;ssl=1\" \/><\/a>\n\t\t\t<\/dt><\/dl><dl class='gallery-item'>\n\t\t\t<dt class='gallery-icon landscape'>\n\t\t\t\t<a href='https:\/\/www.decintivillalon.com\/en\/archivo-de-proyectos-exposiciones-eventos\/dsc_0104\/'><img loading=\"lazy\" decoding=\"async\" width=\"150\" height=\"150\" src=\"https:\/\/i0.wp.com\/www.decintivillalon.com\/wp-content\/uploads\/2014\/02\/DSC_0104.jpg?resize=150%2C150&amp;ssl=1\" class=\"attachment-thumbnail size-thumbnail\" alt=\"\" srcset=\"https:\/\/i0.wp.com\/www.decintivillalon.com\/wp-content\/uploads\/2014\/02\/DSC_0104.jpg?resize=150%2C150&amp;ssl=1 150w, https:\/\/i0.wp.com\/www.decintivillalon.com\/wp-content\/uploads\/2014\/02\/DSC_0104.jpg?zoom=2&amp;resize=150%2C150&amp;ssl=1 300w, https:\/\/i0.wp.com\/www.decintivillalon.com\/wp-content\/uploads\/2014\/02\/DSC_0104.jpg?zoom=3&amp;resize=150%2C150&amp;ssl=1 450w\" sizes=\"auto, (max-width: 150px) 100vw, 150px\" data-attachment-id=\"2983\" data-permalink=\"https:\/\/www.decintivillalon.com\/en\/archivo-de-proyectos-exposiciones-eventos\/dsc_0104\/\" data-orig-file=\"https:\/\/i0.wp.com\/www.decintivillalon.com\/wp-content\/uploads\/2014\/02\/DSC_0104.jpg?fit=1600%2C1063&amp;ssl=1\" data-orig-size=\"1600,1063\" data-comments-opened=\"1\" data-image-meta=\"{&quot;aperture&quot;:&quot;5&quot;,&quot;credit&quot;:&quot;Picasa&quot;,&quot;camera&quot;:&quot;NIKON D3100&quot;,&quot;caption&quot;:&quot;&quot;,&quot;created_timestamp&quot;:&quot;1267770545&quot;,&quot;copyright&quot;:&quot;&quot;,&quot;focal_length&quot;:&quot;18&quot;,&quot;iso&quot;:&quot;200&quot;,&quot;shutter_speed&quot;:&quot;0.25&quot;,&quot;title&quot;:&quot;&quot;}\" data-image-title=\"DSC_0104\" data-image-description=\"\" data-image-caption=\"\" data-large-file=\"https:\/\/i0.wp.com\/www.decintivillalon.com\/wp-content\/uploads\/2014\/02\/DSC_0104.jpg?fit=1024%2C680&amp;ssl=1\" \/><\/a>\n\t\t\t<\/dt><\/dl><dl class='gallery-item'>\n\t\t\t<dt class='gallery-icon landscape'>\n\t\t\t\t<a href='https:\/\/www.decintivillalon.com\/en\/archivo-de-proyectos-exposiciones-eventos\/dsc_0096\/'><img loading=\"lazy\" decoding=\"async\" width=\"150\" height=\"150\" src=\"https:\/\/i0.wp.com\/www.decintivillalon.com\/wp-content\/uploads\/2014\/02\/DSC_0096.jpg?resize=150%2C150&amp;ssl=1\" class=\"attachment-thumbnail size-thumbnail\" alt=\"\" srcset=\"https:\/\/i0.wp.com\/www.decintivillalon.com\/wp-content\/uploads\/2014\/02\/DSC_0096.jpg?resize=150%2C150&amp;ssl=1 150w, https:\/\/i0.wp.com\/www.decintivillalon.com\/wp-content\/uploads\/2014\/02\/DSC_0096.jpg?zoom=2&amp;resize=150%2C150&amp;ssl=1 300w, https:\/\/i0.wp.com\/www.decintivillalon.com\/wp-content\/uploads\/2014\/02\/DSC_0096.jpg?zoom=3&amp;resize=150%2C150&amp;ssl=1 450w\" sizes=\"auto, (max-width: 150px) 100vw, 150px\" data-attachment-id=\"2979\" data-permalink=\"https:\/\/www.decintivillalon.com\/en\/archivo-de-proyectos-exposiciones-eventos\/dsc_0096\/\" data-orig-file=\"https:\/\/i0.wp.com\/www.decintivillalon.com\/wp-content\/uploads\/2014\/02\/DSC_0096.jpg?fit=1600%2C1063&amp;ssl=1\" data-orig-size=\"1600,1063\" data-comments-opened=\"1\" data-image-meta=\"{&quot;aperture&quot;:&quot;5.6&quot;,&quot;credit&quot;:&quot;Picasa&quot;,&quot;camera&quot;:&quot;NIKON D3100&quot;,&quot;caption&quot;:&quot;&quot;,&quot;created_timestamp&quot;:&quot;1267770459&quot;,&quot;copyright&quot;:&quot;&quot;,&quot;focal_length&quot;:&quot;55&quot;,&quot;iso&quot;:&quot;200&quot;,&quot;shutter_speed&quot;:&quot;0.016666666666667&quot;,&quot;title&quot;:&quot;&quot;}\" data-image-title=\"DSC_0096\" data-image-description=\"\" data-image-caption=\"\" data-large-file=\"https:\/\/i0.wp.com\/www.decintivillalon.com\/wp-content\/uploads\/2014\/02\/DSC_0096.jpg?fit=1024%2C680&amp;ssl=1\" \/><\/a>\n\t\t\t<\/dt><\/dl><br style=\"clear: both\" \/><dl class='gallery-item'>\n\t\t\t<dt class='gallery-icon portrait'>\n\t\t\t\t<a href='https:\/\/www.decintivillalon.com\/en\/archivo-de-proyectos-exposiciones-eventos\/dsc_0150\/'><img loading=\"lazy\" decoding=\"async\" width=\"150\" height=\"150\" src=\"https:\/\/i0.wp.com\/www.decintivillalon.com\/wp-content\/uploads\/2014\/02\/DSC_0150.jpg?resize=150%2C150&amp;ssl=1\" class=\"attachment-thumbnail size-thumbnail\" alt=\"\" srcset=\"https:\/\/i0.wp.com\/www.decintivillalon.com\/wp-content\/uploads\/2014\/02\/DSC_0150.jpg?resize=150%2C150&amp;ssl=1 150w, https:\/\/i0.wp.com\/www.decintivillalon.com\/wp-content\/uploads\/2014\/02\/DSC_0150.jpg?zoom=2&amp;resize=150%2C150&amp;ssl=1 300w, https:\/\/i0.wp.com\/www.decintivillalon.com\/wp-content\/uploads\/2014\/02\/DSC_0150.jpg?zoom=3&amp;resize=150%2C150&amp;ssl=1 450w\" sizes=\"auto, (max-width: 150px) 100vw, 150px\" data-attachment-id=\"2969\" data-permalink=\"https:\/\/www.decintivillalon.com\/en\/archivo-de-proyectos-exposiciones-eventos\/dsc_0150\/\" data-orig-file=\"https:\/\/i0.wp.com\/www.decintivillalon.com\/wp-content\/uploads\/2014\/02\/DSC_0150.jpg?fit=1360%2C2048&amp;ssl=1\" data-orig-size=\"1360,2048\" data-comments-opened=\"1\" data-image-meta=\"{&quot;aperture&quot;:&quot;5&quot;,&quot;credit&quot;:&quot;Picasa&quot;,&quot;camera&quot;:&quot;NIKON D3100&quot;,&quot;caption&quot;:&quot;&quot;,&quot;created_timestamp&quot;:&quot;1267861161&quot;,&quot;copyright&quot;:&quot;&quot;,&quot;focal_length&quot;:&quot;18&quot;,&quot;iso&quot;:&quot;200&quot;,&quot;shutter_speed&quot;:&quot;0.05&quot;,&quot;title&quot;:&quot;&quot;}\" data-image-title=\"DSC_0150\" data-image-description=\"\" data-image-caption=\"\" data-large-file=\"https:\/\/i0.wp.com\/www.decintivillalon.com\/wp-content\/uploads\/2014\/02\/DSC_0150.jpg?fit=680%2C1024&amp;ssl=1\" \/><\/a>\n\t\t\t<\/dt><\/dl><dl class='gallery-item'>\n\t\t\t<dt class='gallery-icon landscape'>\n\t\t\t\t<a href='https:\/\/www.decintivillalon.com\/en\/archivo-de-proyectos-exposiciones-eventos\/dsc_0103\/'><img loading=\"lazy\" decoding=\"async\" width=\"150\" height=\"150\" src=\"https:\/\/i0.wp.com\/www.decintivillalon.com\/wp-content\/uploads\/2014\/02\/DSC_0103.jpg?resize=150%2C150&amp;ssl=1\" class=\"attachment-thumbnail size-thumbnail\" alt=\"\" srcset=\"https:\/\/i0.wp.com\/www.decintivillalon.com\/wp-content\/uploads\/2014\/02\/DSC_0103.jpg?resize=150%2C150&amp;ssl=1 150w, https:\/\/i0.wp.com\/www.decintivillalon.com\/wp-content\/uploads\/2014\/02\/DSC_0103.jpg?zoom=2&amp;resize=150%2C150&amp;ssl=1 300w, https:\/\/i0.wp.com\/www.decintivillalon.com\/wp-content\/uploads\/2014\/02\/DSC_0103.jpg?zoom=3&amp;resize=150%2C150&amp;ssl=1 450w\" sizes=\"auto, (max-width: 150px) 100vw, 150px\" data-attachment-id=\"2982\" data-permalink=\"https:\/\/www.decintivillalon.com\/en\/archivo-de-proyectos-exposiciones-eventos\/dsc_0103\/\" data-orig-file=\"https:\/\/i0.wp.com\/www.decintivillalon.com\/wp-content\/uploads\/2014\/02\/DSC_0103.jpg?fit=1600%2C1063&amp;ssl=1\" data-orig-size=\"1600,1063\" data-comments-opened=\"1\" data-image-meta=\"{&quot;aperture&quot;:&quot;5&quot;,&quot;credit&quot;:&quot;Picasa&quot;,&quot;camera&quot;:&quot;NIKON D3100&quot;,&quot;caption&quot;:&quot;&quot;,&quot;created_timestamp&quot;:&quot;1267770529&quot;,&quot;copyright&quot;:&quot;&quot;,&quot;focal_length&quot;:&quot;18&quot;,&quot;iso&quot;:&quot;200&quot;,&quot;shutter_speed&quot;:&quot;0.2&quot;,&quot;title&quot;:&quot;&quot;}\" data-image-title=\"DSC_0103\" data-image-description=\"\" data-image-caption=\"\" data-large-file=\"https:\/\/i0.wp.com\/www.decintivillalon.com\/wp-content\/uploads\/2014\/02\/DSC_0103.jpg?fit=1024%2C680&amp;ssl=1\" \/><\/a>\n\t\t\t<\/dt><\/dl><dl class='gallery-item'>\n\t\t\t<dt class='gallery-icon landscape'>\n\t\t\t\t<a href='https:\/\/www.decintivillalon.com\/en\/archivo-de-proyectos-exposiciones-eventos\/dsc_0120\/'><img loading=\"lazy\" decoding=\"async\" width=\"150\" height=\"150\" src=\"https:\/\/i0.wp.com\/www.decintivillalon.com\/wp-content\/uploads\/2014\/02\/DSC_0120.jpg?resize=150%2C150&amp;ssl=1\" class=\"attachment-thumbnail size-thumbnail\" alt=\"\" srcset=\"https:\/\/i0.wp.com\/www.decintivillalon.com\/wp-content\/uploads\/2014\/02\/DSC_0120.jpg?resize=150%2C150&amp;ssl=1 150w, https:\/\/i0.wp.com\/www.decintivillalon.com\/wp-content\/uploads\/2014\/02\/DSC_0120.jpg?zoom=2&amp;resize=150%2C150&amp;ssl=1 300w, https:\/\/i0.wp.com\/www.decintivillalon.com\/wp-content\/uploads\/2014\/02\/DSC_0120.jpg?zoom=3&amp;resize=150%2C150&amp;ssl=1 450w\" sizes=\"auto, (max-width: 150px) 100vw, 150px\" data-attachment-id=\"2987\" data-permalink=\"https:\/\/www.decintivillalon.com\/en\/archivo-de-proyectos-exposiciones-eventos\/dsc_0120\/\" data-orig-file=\"https:\/\/i0.wp.com\/www.decintivillalon.com\/wp-content\/uploads\/2014\/02\/DSC_0120.jpg?fit=1600%2C1063&amp;ssl=1\" data-orig-size=\"1600,1063\" data-comments-opened=\"1\" data-image-meta=\"{&quot;aperture&quot;:&quot;5&quot;,&quot;credit&quot;:&quot;Picasa&quot;,&quot;camera&quot;:&quot;NIKON D3100&quot;,&quot;caption&quot;:&quot;&quot;,&quot;created_timestamp&quot;:&quot;1267772550&quot;,&quot;copyright&quot;:&quot;&quot;,&quot;focal_length&quot;:&quot;28&quot;,&quot;iso&quot;:&quot;200&quot;,&quot;shutter_speed&quot;:&quot;0.25&quot;,&quot;title&quot;:&quot;&quot;}\" data-image-title=\"DSC_0120\" data-image-description=\"\" data-image-caption=\"\" data-large-file=\"https:\/\/i0.wp.com\/www.decintivillalon.com\/wp-content\/uploads\/2014\/02\/DSC_0120.jpg?fit=1024%2C680&amp;ssl=1\" \/><\/a>\n\t\t\t<\/dt><\/dl><dl class='gallery-item'>\n\t\t\t<dt class='gallery-icon landscape'>\n\t\t\t\t<a href='https:\/\/www.decintivillalon.com\/en\/archivo-de-proyectos-exposiciones-eventos\/dsc_0161\/'><img loading=\"lazy\" decoding=\"async\" width=\"150\" height=\"150\" src=\"https:\/\/i0.wp.com\/www.decintivillalon.com\/wp-content\/uploads\/2014\/02\/DSC_0161.jpg?resize=150%2C150&amp;ssl=1\" class=\"attachment-thumbnail size-thumbnail\" alt=\"\" srcset=\"https:\/\/i0.wp.com\/www.decintivillalon.com\/wp-content\/uploads\/2014\/02\/DSC_0161.jpg?resize=150%2C150&amp;ssl=1 150w, https:\/\/i0.wp.com\/www.decintivillalon.com\/wp-content\/uploads\/2014\/02\/DSC_0161.jpg?zoom=2&amp;resize=150%2C150&amp;ssl=1 300w, https:\/\/i0.wp.com\/www.decintivillalon.com\/wp-content\/uploads\/2014\/02\/DSC_0161.jpg?zoom=3&amp;resize=150%2C150&amp;ssl=1 450w\" sizes=\"auto, (max-width: 150px) 100vw, 150px\" data-attachment-id=\"2973\" data-permalink=\"https:\/\/www.decintivillalon.com\/en\/archivo-de-proyectos-exposiciones-eventos\/dsc_0161\/\" data-orig-file=\"https:\/\/i0.wp.com\/www.decintivillalon.com\/wp-content\/uploads\/2014\/02\/DSC_0161.jpg?fit=2048%2C1360&amp;ssl=1\" data-orig-size=\"2048,1360\" data-comments-opened=\"1\" data-image-meta=\"{&quot;aperture&quot;:&quot;5&quot;,&quot;credit&quot;:&quot;Picasa&quot;,&quot;camera&quot;:&quot;NIKON D3100&quot;,&quot;caption&quot;:&quot;&quot;,&quot;created_timestamp&quot;:&quot;1267861245&quot;,&quot;copyright&quot;:&quot;&quot;,&quot;focal_length&quot;:&quot;18&quot;,&quot;iso&quot;:&quot;200&quot;,&quot;shutter_speed&quot;:&quot;0.1&quot;,&quot;title&quot;:&quot;&quot;}\" data-image-title=\"DSC_0161\" data-image-description=\"\" data-image-caption=\"\" data-large-file=\"https:\/\/i0.wp.com\/www.decintivillalon.com\/wp-content\/uploads\/2014\/02\/DSC_0161.jpg?fit=1024%2C680&amp;ssl=1\" \/><\/a>\n\t\t\t<\/dt><\/dl><br style=\"clear: both\" \/><dl class='gallery-item'>\n\t\t\t<dt class='gallery-icon landscape'>\n\t\t\t\t<a href='https:\/\/www.decintivillalon.com\/en\/archivo-de-proyectos-exposiciones-eventos\/dsc_0155\/'><img loading=\"lazy\" decoding=\"async\" width=\"150\" height=\"150\" src=\"https:\/\/i0.wp.com\/www.decintivillalon.com\/wp-content\/uploads\/2014\/02\/DSC_0155.jpg?resize=150%2C150&amp;ssl=1\" class=\"attachment-thumbnail size-thumbnail\" alt=\"\" srcset=\"https:\/\/i0.wp.com\/www.decintivillalon.com\/wp-content\/uploads\/2014\/02\/DSC_0155.jpg?resize=150%2C150&amp;ssl=1 150w, https:\/\/i0.wp.com\/www.decintivillalon.com\/wp-content\/uploads\/2014\/02\/DSC_0155.jpg?zoom=2&amp;resize=150%2C150&amp;ssl=1 300w, https:\/\/i0.wp.com\/www.decintivillalon.com\/wp-content\/uploads\/2014\/02\/DSC_0155.jpg?zoom=3&amp;resize=150%2C150&amp;ssl=1 450w\" sizes=\"auto, (max-width: 150px) 100vw, 150px\" data-attachment-id=\"2972\" data-permalink=\"https:\/\/www.decintivillalon.com\/en\/archivo-de-proyectos-exposiciones-eventos\/dsc_0155\/\" data-orig-file=\"https:\/\/i0.wp.com\/www.decintivillalon.com\/wp-content\/uploads\/2014\/02\/DSC_0155.jpg?fit=2048%2C1366&amp;ssl=1\" data-orig-size=\"2048,1366\" data-comments-opened=\"1\" data-image-meta=\"{&quot;aperture&quot;:&quot;5&quot;,&quot;credit&quot;:&quot;Picasa&quot;,&quot;camera&quot;:&quot;NIKON D3100&quot;,&quot;caption&quot;:&quot;&quot;,&quot;created_timestamp&quot;:&quot;1267861202&quot;,&quot;copyright&quot;:&quot;&quot;,&quot;focal_length&quot;:&quot;18&quot;,&quot;iso&quot;:&quot;200&quot;,&quot;shutter_speed&quot;:&quot;0.2&quot;,&quot;title&quot;:&quot;&quot;}\" data-image-title=\"DSC_0155\" data-image-description=\"\" data-image-caption=\"\" data-large-file=\"https:\/\/i0.wp.com\/www.decintivillalon.com\/wp-content\/uploads\/2014\/02\/DSC_0155.jpg?fit=1024%2C683&amp;ssl=1\" \/><\/a>\n\t\t\t<\/dt><\/dl><dl class='gallery-item'>\n\t\t\t<dt class='gallery-icon landscape'>\n\t\t\t\t<a href='https:\/\/www.decintivillalon.com\/en\/archivo-de-proyectos-exposiciones-eventos\/dsc_0105\/'><img loading=\"lazy\" decoding=\"async\" width=\"150\" height=\"150\" src=\"https:\/\/i0.wp.com\/www.decintivillalon.com\/wp-content\/uploads\/2014\/02\/DSC_0105.jpg?resize=150%2C150&amp;ssl=1\" class=\"attachment-thumbnail size-thumbnail\" alt=\"\" srcset=\"https:\/\/i0.wp.com\/www.decintivillalon.com\/wp-content\/uploads\/2014\/02\/DSC_0105.jpg?resize=150%2C150&amp;ssl=1 150w, https:\/\/i0.wp.com\/www.decintivillalon.com\/wp-content\/uploads\/2014\/02\/DSC_0105.jpg?zoom=2&amp;resize=150%2C150&amp;ssl=1 300w, https:\/\/i0.wp.com\/www.decintivillalon.com\/wp-content\/uploads\/2014\/02\/DSC_0105.jpg?zoom=3&amp;resize=150%2C150&amp;ssl=1 450w\" sizes=\"auto, (max-width: 150px) 100vw, 150px\" data-attachment-id=\"2984\" data-permalink=\"https:\/\/www.decintivillalon.com\/en\/archivo-de-proyectos-exposiciones-eventos\/dsc_0105\/\" data-orig-file=\"https:\/\/i0.wp.com\/www.decintivillalon.com\/wp-content\/uploads\/2014\/02\/DSC_0105.jpg?fit=1600%2C1063&amp;ssl=1\" data-orig-size=\"1600,1063\" data-comments-opened=\"1\" data-image-meta=\"{&quot;aperture&quot;:&quot;5.6&quot;,&quot;credit&quot;:&quot;Picasa&quot;,&quot;camera&quot;:&quot;NIKON D3100&quot;,&quot;caption&quot;:&quot;&quot;,&quot;created_timestamp&quot;:&quot;1267770865&quot;,&quot;copyright&quot;:&quot;&quot;,&quot;focal_length&quot;:&quot;55&quot;,&quot;iso&quot;:&quot;200&quot;,&quot;shutter_speed&quot;:&quot;0.125&quot;,&quot;title&quot;:&quot;&quot;}\" data-image-title=\"DSC_0105\" data-image-description=\"\" data-image-caption=\"\" data-large-file=\"https:\/\/i0.wp.com\/www.decintivillalon.com\/wp-content\/uploads\/2014\/02\/DSC_0105.jpg?fit=1024%2C680&amp;ssl=1\" \/><\/a>\n\t\t\t<\/dt><\/dl><dl class='gallery-item'>\n\t\t\t<dt class='gallery-icon landscape'>\n\t\t\t\t<a href='https:\/\/www.decintivillalon.com\/en\/archivo-de-proyectos-exposiciones-eventos\/dsc_0136\/'><img loading=\"lazy\" decoding=\"async\" width=\"150\" height=\"150\" src=\"https:\/\/i0.wp.com\/www.decintivillalon.com\/wp-content\/uploads\/2014\/02\/DSC_0136.jpg?resize=150%2C150&amp;ssl=1\" class=\"attachment-thumbnail size-thumbnail\" alt=\"\" srcset=\"https:\/\/i0.wp.com\/www.decintivillalon.com\/wp-content\/uploads\/2014\/02\/DSC_0136.jpg?resize=150%2C150&amp;ssl=1 150w, https:\/\/i0.wp.com\/www.decintivillalon.com\/wp-content\/uploads\/2014\/02\/DSC_0136.jpg?zoom=2&amp;resize=150%2C150&amp;ssl=1 300w, https:\/\/i0.wp.com\/www.decintivillalon.com\/wp-content\/uploads\/2014\/02\/DSC_0136.jpg?zoom=3&amp;resize=150%2C150&amp;ssl=1 450w\" sizes=\"auto, (max-width: 150px) 100vw, 150px\" data-attachment-id=\"2988\" data-permalink=\"https:\/\/www.decintivillalon.com\/en\/archivo-de-proyectos-exposiciones-eventos\/dsc_0136\/\" data-orig-file=\"https:\/\/i0.wp.com\/www.decintivillalon.com\/wp-content\/uploads\/2014\/02\/DSC_0136.jpg?fit=1600%2C1063&amp;ssl=1\" data-orig-size=\"1600,1063\" data-comments-opened=\"1\" data-image-meta=\"{&quot;aperture&quot;:&quot;5&quot;,&quot;credit&quot;:&quot;Picasa&quot;,&quot;camera&quot;:&quot;NIKON D3100&quot;,&quot;caption&quot;:&quot;&quot;,&quot;created_timestamp&quot;:&quot;1267774429&quot;,&quot;copyright&quot;:&quot;&quot;,&quot;focal_length&quot;:&quot;26&quot;,&quot;iso&quot;:&quot;200&quot;,&quot;shutter_speed&quot;:&quot;0.016666666666667&quot;,&quot;title&quot;:&quot;&quot;}\" data-image-title=\"DSC_0136\" data-image-description=\"\" data-image-caption=\"\" data-large-file=\"https:\/\/i0.wp.com\/www.decintivillalon.com\/wp-content\/uploads\/2014\/02\/DSC_0136.jpg?fit=1024%2C680&amp;ssl=1\" \/><\/a>\n\t\t\t<\/dt><\/dl><dl class='gallery-item'>\n\t\t\t<dt class='gallery-icon landscape'>\n\t\t\t\t<a href='https:\/\/www.decintivillalon.com\/en\/archivo-de-proyectos-exposiciones-eventos\/dsc_0094-2\/'><img loading=\"lazy\" decoding=\"async\" width=\"150\" height=\"150\" src=\"https:\/\/i0.wp.com\/www.decintivillalon.com\/wp-content\/uploads\/2014\/02\/DSC_0094.jpg?resize=150%2C150&amp;ssl=1\" class=\"attachment-thumbnail size-thumbnail\" alt=\"\" srcset=\"https:\/\/i0.wp.com\/www.decintivillalon.com\/wp-content\/uploads\/2014\/02\/DSC_0094.jpg?resize=150%2C150&amp;ssl=1 150w, https:\/\/i0.wp.com\/www.decintivillalon.com\/wp-content\/uploads\/2014\/02\/DSC_0094.jpg?zoom=2&amp;resize=150%2C150&amp;ssl=1 300w, https:\/\/i0.wp.com\/www.decintivillalon.com\/wp-content\/uploads\/2014\/02\/DSC_0094.jpg?zoom=3&amp;resize=150%2C150&amp;ssl=1 450w\" sizes=\"auto, (max-width: 150px) 100vw, 150px\" data-attachment-id=\"2978\" data-permalink=\"https:\/\/www.decintivillalon.com\/en\/archivo-de-proyectos-exposiciones-eventos\/dsc_0094-2\/\" data-orig-file=\"https:\/\/i0.wp.com\/www.decintivillalon.com\/wp-content\/uploads\/2014\/02\/DSC_0094.jpg?fit=1600%2C1063&amp;ssl=1\" data-orig-size=\"1600,1063\" data-comments-opened=\"1\" data-image-meta=\"{&quot;aperture&quot;:&quot;3.8&quot;,&quot;credit&quot;:&quot;Picasa&quot;,&quot;camera&quot;:&quot;NIKON D3100&quot;,&quot;caption&quot;:&quot;&quot;,&quot;created_timestamp&quot;:&quot;1267770435&quot;,&quot;copyright&quot;:&quot;&quot;,&quot;focal_length&quot;:&quot;22&quot;,&quot;iso&quot;:&quot;200&quot;,&quot;shutter_speed&quot;:&quot;0.076923076923077&quot;,&quot;title&quot;:&quot;&quot;}\" data-image-title=\"DSC_0094\" data-image-description=\"\" data-image-caption=\"\" data-large-file=\"https:\/\/i0.wp.com\/www.decintivillalon.com\/wp-content\/uploads\/2014\/02\/DSC_0094.jpg?fit=1024%2C680&amp;ssl=1\" \/><\/a>\n\t\t\t<\/dt><\/dl><br style=\"clear: both\" \/>\n\t\t<\/div>\n\n<h3>Breve rese\u00f1a del libro:\u00a0<em>GENERO Y RURALIDAD 1:\u00a0TESTIMONIOS DE VIDA DE MUJERES RURALES DE CHILOE<\/em><\/h3>\n<h4>CHILOE:<\/h4>\n<p>El archipi\u00e9lago de Chilo\u00e9, corresponde a una de las provincias de la X Regi\u00f3n de Chile, donde se inicia la Patagonia.\u00a0 Se compone de una isla grande y alrededor de cuarenta islas menores en el mar interior.<\/p>\n<p>La provincia posee 10 comunas, siendo las m\u00e1s importantes por el n\u00famero de habitantes, Ancud, Castro y Quell\u00f3n.<\/p>\n<p>Para la realizaci\u00f3n de la investigaci\u00f3n,\u00a0 entrevist\u00e9 a 20 mujeres, con edades comprendidas entre los 60 y 80 a\u00f1os aproximadamente, que habitan las 10 comunas de la provincia, abarcando as\u00ed todo el mundo rural del archipi\u00e9lago.\u00a0 Considerando que las mujeres viven relativamente aisladas, tuve que recorrer bastantes kil\u00f3metros para encontrarlas, tanto en autobuses, lanchas as\u00ed como tambi\u00e9n a pi\u00e9, lo que me permiti\u00f3 procesos importantes de reflexi\u00f3n para el desarrollo de este trabajo.<\/p>\n<h4>PROP\u00d3SITO Y OBJETIVO DE ESTE TRABAJO:<\/h4>\n<p>Dilucidar aquellos aspectos de la sociedad chilota, que permiten visualizar las desigualdades e inequidades de g\u00e9nero, que se producen en las relaciones sociales entre hombres y mujeres, producto de la sociedad machista y patriarcal chilota, tan particular, pues est\u00e1 (a\u00fan) te\u00f1ida con mitos y creencias propias de las sociedades rurales, especialmente visible en las d\u00e9cadas del 1940 al 1970, en que ellas vivieron su infancia, adolescencia y tambi\u00e9n, \u00a0en que se casaron y tuvieron a sus hijos.\u00a0 Cabe destacar que en el proceso de entrevista hubo penas y alegr\u00edas, pues la vida de una persona resulta compleja y llena de vivencias positivas y negativas, lo que enriquece la informaci\u00f3n obtenida.<\/p>\n<h4>ESTRUCTURA DEL LIBRO:<\/h4>\n<p>Los testimonios de vida de las mujeres han sido transcritos \u00edntegramente en el cuerpo\u00a0 del libro,\u00a0 bajo ciertos apartados definidos en base a las etapas generales de la vida de las personas:<\/p>\n<p>INFANCIA CASTIGADA:\u00a0 \u201cYo quer\u00eda estudiar, pero no se pod\u00eda\u201d.\u00a0 \u00a0Es importante considerar que en la \u00e9poca en que las mujeres vivieron su infancia, exist\u00eda bastante pobreza especialmente en Chilo\u00e9, la educaci\u00f3n era escasa en el mundo rural, donde se pod\u00eda acceder solamente hasta 6\u00ba a\u00f1o b\u00e1sico.\u00a0 Los testimonios de las mujeres dejan traslucir esta falta y anhelo de muchas de ellas por continuar estudiando, pero no les fue posible, pues hab\u00eda que llegar a los centro m\u00e1s poblados del pa\u00eds.<\/p>\n<p>EL DESPERTAR SEXUAL:\u00a0 \u201cde eso no le hablaban los mayores\u201d.\u00a0 La sexualidad aparece te\u00f1ida de muchos mitos y leyendas, especialmente en la etapa de la adolescencia, ya que ni sus propias madres sab\u00eda muy bien de que se trataba.\u00a0 As\u00ed es que ellas fueron descubriendo solas su propia sexualidad.\u00a0 Posteriormente se casaron sin tener mayor conciencia de temas como el embarazo, el parto, etc.\u00a0\u00a0 La sexualidad aparece entonces en sus relatos, absolutamente escindida del placer sexual y s\u00f3lo al servicio de la maternidad y la reproducci\u00f3n.<\/p>\n<p>EL \u201cDEBER SER\u201d DEL MATRIMONIO :\u00a0 \u201cMuchos a\u00f1os aguantando por los hijos\u201d:\u00a0 Los relatos de las mujeres muestran una realidad bastante cruda de la instituci\u00f3n del matrimonio al que accedieron por que \u201cas\u00ed ten\u00eda que ser\u201d.\u00a0 Asimismo, tuvieron \u201ctodos los hijos que Dios manda\u201d, como lo fue para sus madres y abuelas.\u00a0 Aparece te\u00f1ido este aspecto por una gran religiosidad, creencias y culpabilidades.\u00a0\u00a0 Asimismo, es posible percatarse de la descarnada violencia intrafamiliar, grandes frustraciones, dolores, etc., que les caus\u00f3 a\u00a0 muchas de ellas el matrimonio y la familia, instituci\u00f3n patriarcal y machista por excelencia.<\/p>\n<p>EL TRABAJO DURO DEL CAMPO:\u00a0 \u201cEra como un hombre pa\u2019 trabajar.\u00a0 Las mujeres no s\u00f3lo realizaban el trabajo reproductivo del hogar, sino que tambi\u00e9n trabajaban a la par con sus maridos en la siembra, la huerta, el cuidado de los animales menores, etc.\u00a0 De manera que la carga laboral de ellas era muy ardua.<\/p>\n<p>As\u00ed tambi\u00e9n, cuando vivieron con sus padres y hermanos, muchas dejaban la escuela, para irse a trabajar al campo con sus padres.\u00a0 Era una \u00e9poca de subsistencia, en que los campesinos chilotes vivieron grandes carencias econ\u00f3micas.<\/p>\n<p>REALIZACI\u00d3N A TRAV\u00c9S DE LA PARTICIPACI\u00d3N COMUNITARIA:\u00a0 \u201cla solidaridad con sus comunidades\u201d.\u00a0 Hoy que las mujeres est\u00e1n m\u00e1s solas, ya son mayores, muchas de ellas han quedado viudas o los hijos se han ido, han buscado otras formas de realizarse trabajando por sus comunidades, ya sea, en juntas vecinales, con agrupaciones de adultos mayores o con ni\u00f1os.\u00a0 Este aspecto de sus vidas les permite hoy grandes satisfacciones y alegr\u00edas.<\/p>\n<h4>CLAVES QUE TRANSVERSALIZAN EL DISCURSO DE LAS MUJERES.<\/h4>\n<p>Este es un cap\u00edtulo te\u00f3rico, donde se utilizaron las teor\u00edas de algunos soci\u00f3logos y antrop\u00f3logas, para interpretar el discurso de las mujeres desde diversos aspectos:<\/p>\n<p>Violencia, matrimonio y familia, especialmente desde las teor\u00edas de Pierre Bourdieu, eminente cr\u00edtico de la sociedad de dominaci\u00f3n, qui\u00e9n hace una cr\u00edtica a la instituci\u00f3n del matrimonio, a la sociedad patriarcal y machista, donde se sobrevaloran la apropiaci\u00f3n, el control, la dominaci\u00f3n, la jerarqu\u00eda, la autoridad y la procreaci\u00f3n como una forma de asegurar la descendencia, por sobre valores como la tolerancia, la afectividad, el di\u00e1logo, etc.<\/p>\n<p>Mitos y creencias en torno al cuerpo y la sexualidad, donde se establece que una de las desigualdades m\u00e1s potente instalada en el imaginario colectivo chilote, se liga a la sexualidad reprimida y castigada de las mujeres, absolutamente escindida de placer sexual.\u00a0 Es decir, la sexualidad absolutamente al servicio de la maternidad y la reproducci\u00f3n.\u00a0 As\u00ed Bourdieu, establece la dominaci\u00f3n y subordinaci\u00f3n social, a trav\u00e9s del cuerpo sexuado de las mujeres.<\/p>\n<p>Trabajo productivo y reproductivo:\u00a0 doble y triple jornada laboral.\u00a0 En este apartado se teoriza acerca de la divisi\u00f3n sexual del trabajo en la familia rural chilota y que connota la forma cl\u00e1sica que es posible encontrar en todas las sociedades tradicionales, es decir, los hombres ocupan los espacios a campo abierto y las mujeres en el mundo privado del hogar.\u00a0 Sin embargo, el trabajo de ellos es remunerado y el de las mujeres, que es trabajo dom\u00e9stico no lo es, por tanto es menos valorado y por tanto invisibilizado.<\/p>\n<p>Finalmente, me he referido al recorrido que ha tenido este trabajo, siendo expuesto en diversas ocasiones:<\/p>\n<p><em>Octubre 2012:\u00a0 Feria del Libro de Castro \/\u00a0Diciembre 2012:\u00a0 Lanzamiento oficial del libro, Biblioteca p\u00fablica de Castro \/\u00a0Marzo 2013: Ancud, en el contexto de la conmemoraci\u00f3n del D\u00eda Internacional de la Mujer \/\u00a0Julio 2013:\u00a0 Bioblioteca del Museo Vicu\u00f1a Mackenna en Santiago \/\u00a0Agosto 2013:\u00a0 Biblioteca P\u00fablica de Quell\u00f3n \/\u00a0Agosto 2013:\u00a0 Relanzamiento del libro, con el auspicio del Banco del Estado y el Concejo Municipal de Castro \/\u00a0Febrero, 6 de 2014:\u00a0 Presentaci\u00f3n en Galer\u00eda Talk Culture.\u00a0 Viena \/\u00a0Febrero, 20 de 2014:\u00a0 Presentaci\u00f3n Escuela de pintura Arte DV. Madrid.<\/em><\/p>\n","protected":false},"excerpt":{"rendered":"<p>Inicio &gt; Archivo &gt;\u00a0Proyectos &gt; Mujeres y ruralidad en Chilo\u00e9 (Chile) Exposici\u00f3n DV: Ciclo &#8220;Mujeres de Chilo\u00e9 (Chile)&#8221; Convocatoria y coordinaci\u00f3n Descripci\u00f3n del Proyecto La tem\u00e1tica de este proyecto se inspira en las investigaciones de los chilenos Edith Rebolledo, soci\u00f3loga que ha estudiado en terreno a la mujer del entorno rural en Chilo\u00e9; y Mauro [&#8230;]<\/p>\n","protected":false},"author":1,"featured_media":4968,"comment_status":"closed","ping_status":"closed","sticky":false,"template":"","format":"standard","meta":{"_acf_changed":false,"_jetpack_memberships_contains_paid_content":false,"footnotes":"","jetpack_publicize_message":"","jetpack_publicize_feature_enabled":true,"jetpack_social_post_already_shared":true,"jetpack_social_options":{"image_generator_settings":{"template":"highway","default_image_id":0,"font":"","enabled":false},"version":2}},"categories":[16],"tags":[],"yst_prominent_words":[1183,1184,1180,1221,1220,499,493,1186,886,496,492,1182,494,1179,1177,1181,495,498,497,1178],"class_list":["post-3858","post","type-post","status-publish","format-standard","has-post-thumbnail","hentry","category-proyectos"],"acf":[],"jetpack_publicize_connections":[],"jetpack_featured_media_url":"https:\/\/i0.wp.com\/www.decintivillalon.com\/wp-content\/uploads\/2014\/10\/chiloe.jpg?fit=480%2C498&ssl=1","yoast_head":"<!-- This site is optimized with the Yoast SEO Premium plugin v14.1 - https:\/\/yoast.com\/wordpress\/plugins\/seo\/ -->\n<meta name=\"robots\" content=\"index, follow\" \/>\n<meta name=\"googlebot\" content=\"index, follow, max-snippet:-1, max-image-preview:large, max-video-preview:-1\" \/>\n<meta name=\"bingbot\" content=\"index, follow, max-snippet:-1, max-image-preview:large, max-video-preview:-1\" \/>\n<link rel=\"canonical\" href=\"https:\/\/www.decintivillalon.com\/2015\/10\/20\/mujeres-y-ruralidad-en-chiloe-chile\/\" \/>\n<meta property=\"og:locale\" content=\"en_US\" \/>\n<meta property=\"og:type\" content=\"article\" \/>\n<meta property=\"og:title\" content=\"Women and rurality in Chilo\u00e9 (Chile)\" \/>\n<meta property=\"og:description\" content=\"Inicio &gt; Archivo &gt;\u00a0Proyectos &gt; Mujeres y ruralidad en Chilo\u00e9 (Chile) Exposici\u00f3n DV: Ciclo &#8220;Mujeres de Chilo\u00e9 (Chile)&#8221; Convocatoria y coordinaci\u00f3n Descripci\u00f3n del Proyecto La tem\u00e1tica de este proyecto se inspira en las investigaciones de los chilenos Edith Rebolledo, soci\u00f3loga que ha estudiado en terreno a la mujer del entorno rural en Chilo\u00e9; y Mauro [...]\" \/>\n<meta property=\"og:url\" content=\"https:\/\/www.decintivillalon.com\/2015\/10\/20\/mujeres-y-ruralidad-en-chiloe-chile\/\" \/>\n<meta property=\"og:site_name\" content=\"DeCinti Villal\u00f3n: Academia de Pintura en Madrid D V Madrid, Academia de Pintura de Madrid | \u00d3leo | Acuarela | Dibujo\" \/>\n<meta property=\"article:publisher\" content=\"https:\/\/www.facebook.com\/ADVMadrid\" \/>\n<meta property=\"article:published_time\" content=\"2015-10-20T19:36:35+00:00\" \/>\n<meta property=\"article:modified_time\" content=\"2018-08-21T05:31:51+00:00\" \/>\n<meta property=\"og:image\" content=\"https:\/\/i0.wp.com\/www.decintivillalon.com\/wp-content\/uploads\/2014\/10\/chiloe.jpg?fit=480%2C498&#038;ssl=1\" \/>\n\t<meta property=\"og:image:width\" content=\"480\" \/>\n\t<meta property=\"og:image:height\" content=\"498\" \/>\n<script type=\"application\/ld+json\" class=\"yoast-schema-graph\">{\"@context\":\"https:\/\/schema.org\",\"@graph\":[{\"@type\":\"Organization\",\"@id\":\"https:\/\/www.decintivillalon.com\/en\/#organization\",\"name\":\"DeCinti & Vilall\\u00f3n S.L.\",\"url\":\"https:\/\/www.decintivillalon.com\/en\/\",\"sameAs\":[\"https:\/\/www.facebook.com\/ADVMadrid\",\"https:\/\/www.youtube.com\/user\/artedv\"],\"logo\":{\"@type\":\"ImageObject\",\"@id\":\"https:\/\/www.decintivillalon.com\/en\/#logo\",\"inLanguage\":\"en-US\",\"url\":\"https:\/\/i0.wp.com\/www.decintivillalon.com\/wp-content\/uploads\/2014\/11\/1-logodv-0011.jpg?fit=80%2C80&ssl=1\",\"width\":80,\"height\":80,\"caption\":\"DeCinti & Vilall\\u00f3n S.L.\"},\"image\":{\"@id\":\"https:\/\/www.decintivillalon.com\/en\/#logo\"}},{\"@type\":\"WebSite\",\"@id\":\"https:\/\/www.decintivillalon.com\/en\/#website\",\"url\":\"https:\/\/www.decintivillalon.com\/en\/\",\"name\":\"DeCinti Villal\\u00f3n: Academia de Pintura en Madrid D V Madrid, Academia de Pintura de Madrid | \\u00d3leo | Acuarela | Dibujo\",\"description\":\"Curso nacional e internacional. Profesores expertos Academia de Pintura Especialistas en \\u00d3leo\",\"publisher\":{\"@id\":\"https:\/\/www.decintivillalon.com\/en\/#organization\"},\"potentialAction\":[{\"@type\":\"SearchAction\",\"target\":\"https:\/\/www.decintivillalon.com\/en\/?s={search_term_string}\",\"query-input\":\"required name=search_term_string\"}],\"inLanguage\":\"en-US\"},{\"@type\":\"ImageObject\",\"@id\":\"https:\/\/www.decintivillalon.com\/2015\/10\/20\/mujeres-y-ruralidad-en-chiloe-chile\/#primaryimage\",\"inLanguage\":\"en-US\",\"url\":\"https:\/\/i0.wp.com\/www.decintivillalon.com\/wp-content\/uploads\/2014\/10\/chiloe.jpg?fit=480%2C498&ssl=1\",\"width\":480,\"height\":498},{\"@type\":\"WebPage\",\"@id\":\"https:\/\/www.decintivillalon.com\/2015\/10\/20\/mujeres-y-ruralidad-en-chiloe-chile\/#webpage\",\"url\":\"https:\/\/www.decintivillalon.com\/2015\/10\/20\/mujeres-y-ruralidad-en-chiloe-chile\/\",\"name\":\"Women and rurality in Chilo\\u00e9 (Chile)\",\"isPartOf\":{\"@id\":\"https:\/\/www.decintivillalon.com\/en\/#website\"},\"primaryImageOfPage\":{\"@id\":\"https:\/\/www.decintivillalon.com\/2015\/10\/20\/mujeres-y-ruralidad-en-chiloe-chile\/#primaryimage\"},\"datePublished\":\"2015-10-20T19:36:35+00:00\",\"dateModified\":\"2018-08-21T05:31:51+00:00\",\"breadcrumb\":{\"@id\":\"https:\/\/www.decintivillalon.com\/2015\/10\/20\/mujeres-y-ruralidad-en-chiloe-chile\/#breadcrumb\"},\"inLanguage\":\"en-US\",\"potentialAction\":[{\"@type\":\"ReadAction\",\"target\":[\"https:\/\/www.decintivillalon.com\/2015\/10\/20\/mujeres-y-ruralidad-en-chiloe-chile\/\"]}]},{\"@type\":\"BreadcrumbList\",\"@id\":\"https:\/\/www.decintivillalon.com\/2015\/10\/20\/mujeres-y-ruralidad-en-chiloe-chile\/#breadcrumb\",\"itemListElement\":[{\"@type\":\"ListItem\",\"position\":1,\"item\":{\"@type\":\"WebPage\",\"@id\":\"https:\/\/www.decintivillalon.com\/\",\"url\":\"https:\/\/www.decintivillalon.com\/\",\"name\":\"Portada\"}},{\"@type\":\"ListItem\",\"position\":2,\"item\":{\"@type\":\"WebPage\",\"@id\":\"https:\/\/www.decintivillalon.com\/2015\/10\/20\/mujeres-y-ruralidad-en-chiloe-chile\/\",\"url\":\"https:\/\/www.decintivillalon.com\/2015\/10\/20\/mujeres-y-ruralidad-en-chiloe-chile\/\",\"name\":\"Mujeres y ruralidad en Chilo\\u00e9 (Chile)\"}}]},{\"@type\":\"Article\",\"@id\":\"https:\/\/www.decintivillalon.com\/2015\/10\/20\/mujeres-y-ruralidad-en-chiloe-chile\/#article\",\"isPartOf\":{\"@id\":\"https:\/\/www.decintivillalon.com\/2015\/10\/20\/mujeres-y-ruralidad-en-chiloe-chile\/#webpage\"},\"author\":{\"@id\":\"https:\/\/www.decintivillalon.com\/en\/#\/schema\/person\/f8dab1f105dd8bfc55633b635e8e1db9\"},\"headline\":\"Women and rurality in Chilo\\u00e9 (Chile)\",\"datePublished\":\"2015-10-20T19:36:35+00:00\",\"dateModified\":\"2018-08-21T05:31:51+00:00\",\"commentCount\":0,\"mainEntityOfPage\":{\"@id\":\"https:\/\/www.decintivillalon.com\/2015\/10\/20\/mujeres-y-ruralidad-en-chiloe-chile\/#webpage\"},\"publisher\":{\"@id\":\"https:\/\/www.decintivillalon.com\/en\/#organization\"},\"image\":{\"@id\":\"https:\/\/www.decintivillalon.com\/2015\/10\/20\/mujeres-y-ruralidad-en-chiloe-chile\/#primaryimage\"},\"articleSection\":\"Proyectos\",\"inLanguage\":\"en-US\"},{\"@type\":[\"Person\"],\"@id\":\"https:\/\/www.decintivillalon.com\/en\/#\/schema\/person\/f8dab1f105dd8bfc55633b635e8e1db9\",\"name\":\"decinti\",\"image\":{\"@type\":\"ImageObject\",\"@id\":\"https:\/\/www.decintivillalon.com\/en\/#personlogo\",\"inLanguage\":\"en-US\",\"url\":\"https:\/\/secure.gravatar.com\/avatar\/388a3c230c5d7caa6b569a01138507d0e25d11ffe58a31d77879ed0fb70b9e85?s=96&d=mm&r=g\",\"caption\":\"decinti\"}}]}<\/script>\n<!-- \/ Yoast SEO Premium plugin. -->","jetpack_shortlink":"https:\/\/wp.me\/p3Hbis-10e","jetpack_sharing_enabled":true,"_links":{"self":[{"href":"https:\/\/www.decintivillalon.com\/en\/wp-json\/wp\/v2\/posts\/3858","targetHints":{"allow":["GET"]}}],"collection":[{"href":"https:\/\/www.decintivillalon.com\/en\/wp-json\/wp\/v2\/posts"}],"about":[{"href":"https:\/\/www.decintivillalon.com\/en\/wp-json\/wp\/v2\/types\/post"}],"author":[{"embeddable":true,"href":"https:\/\/www.decintivillalon.com\/en\/wp-json\/wp\/v2\/users\/1"}],"replies":[{"embeddable":true,"href":"https:\/\/www.decintivillalon.com\/en\/wp-json\/wp\/v2\/comments?post=3858"}],"version-history":[{"count":0,"href":"https:\/\/www.decintivillalon.com\/en\/wp-json\/wp\/v2\/posts\/3858\/revisions"}],"wp:featuredmedia":[{"embeddable":true,"href":"https:\/\/www.decintivillalon.com\/en\/wp-json\/wp\/v2\/media\/4968"}],"wp:attachment":[{"href":"https:\/\/www.decintivillalon.com\/en\/wp-json\/wp\/v2\/media?parent=3858"}],"wp:term":[{"taxonomy":"category","embeddable":true,"href":"https:\/\/www.decintivillalon.com\/en\/wp-json\/wp\/v2\/categories?post=3858"},{"taxonomy":"post_tag","embeddable":true,"href":"https:\/\/www.decintivillalon.com\/en\/wp-json\/wp\/v2\/tags?post=3858"},{"taxonomy":"yst_prominent_words","embeddable":true,"href":"https:\/\/www.decintivillalon.com\/en\/wp-json\/wp\/v2\/yst_prominent_words?post=3858"}],"curies":[{"name":"wp","href":"https:\/\/api.w.org\/{rel}","templated":true}]}}