{"id":3853,"date":"2014-10-20T19:33:39","date_gmt":"2014-10-20T19:33:39","guid":{"rendered":"http:\/\/www.decintivillalon.com\/?p=3853"},"modified":"2018-08-21T05:31:40","modified_gmt":"2018-08-21T05:31:40","slug":"rostros-de-chinchon","status":"publish","type":"post","link":"https:\/\/www.decintivillalon.com\/en\/2014\/10\/20\/rostros-de-chinchon\/","title":{"rendered":"Faces of Chinch\u00f3n"},"content":{"rendered":"<p><a href=\"https:\/\/www.decintivillalon.com\/\">Inicio<\/a> &gt; <a href=\"https:\/\/www.decintivillalon.com\/archivo-de-proyectos-exposiciones-eventos\/\">Archivo<\/a> &gt;\u00a0<a href=\"https:\/\/www.decintivillalon.com\/category\/proyectos\/\">Proyectos<\/a> &gt; Rostros de Chinch\u00f3n<\/p>\n<h2>1. Promotores del Proyecto<\/h2>\n<p>Colectivo de Artistas de Chinch\u00f3n y Academia de Pintura DeCinti Villal\u00f3n<\/p>\n<h2>2. Explicaci\u00f3n del Proyecto<\/h2>\n<p>La exposici\u00f3n const\u00f3 de un total de setenta obras, entre pinturas, esculturas, dibujos y fotograf\u00edas, realizadas por cuarenta y cinco artistas con diversas t\u00e9cnicas y estilos, cuyo tema es el rostro de personas vinculadas con Chinch\u00f3n.\u00a0<strong>El proyecto Rostros de Chinch\u00f3n<\/strong>fue concebido desde su origen como un proyecto art\u00edstico participativo cuyos principales protagonistas fuesen las gentes de Chinch\u00f3n: los que han nacido, viven, vivieron o tienen una estrecha vinculaci\u00f3n con este pueblo ni\u00f1os, j\u00f3venes, adultos, mayores, mujeres y hombres, personas an\u00f3nimas y personajes famosos.<\/p>\n<p>Destaca la participaci\u00f3n del escultor\u00a0<strong>Eduardo Carretero\u00a0<\/strong>que, en el pasado mes de mayo, fue nombrado acad\u00e9mico honorario de la Real Academia de Bellas Artes de Granada, del fot\u00f3grafo\u00a0<strong>Vicente L\u00f3pez Tofi\u00f1o\u00a0<\/strong>que cuenta con una gran proyecci\u00f3n nacional e internacional, y del estudio de arte de los renombrados pintores\u00a0<strong>Alejandro Deciti y Oscar Villal\u00f3n\u00a0<\/strong>que junto a sus disc\u00edpulos han aportado unas obras de incuestionable calidad.<\/p>\n<p>La muestra constituye un acontecimiento singular en el panorama art\u00edstico espa\u00f1ol por cuanto se aborda un tema muy espec\u00edfico como es la interpretaci\u00f3n art\u00edstica del rostro en primer plano de diversas personas de una misma localidad, lo que es realmente una experiencia \u00fanica en la que se ha logrado reunir un conjunto de obras art\u00edsticas de gran calidad protagonizadas por el rostro de sus habitantes.<\/p>\n<h2>3. Exposiciones Realizadas<\/h2>\n<div align=\"center\"><\/div>\n<div align=\"center\"><\/div>\n<div align=\"center\">\n<table border=\"0\" cellspacing=\"0\" cellpadding=\"0\">\n<tbody>\n<tr>\n<td valign=\"top\" width=\"288\"><\/td>\n<td valign=\"top\" width=\"288\"><\/td>\n<\/tr>\n<tr>\n<td valign=\"top\" width=\"288\">\n<div><a href=\"https:\/\/i0.wp.com\/1.bp.blogspot.com\/_6pMCfXNdrwg\/TPS99QDgR4I\/AAAAAAAAGp0\/U8b140Cejhs\/s1600\/dulce.jpg\"><img data-recalc-dims=\"1\" loading=\"lazy\" decoding=\"async\" src=\"https:\/\/i0.wp.com\/1.bp.blogspot.com\/_6pMCfXNdrwg\/TPS99QDgR4I\/AAAAAAAAGp0\/U8b140Cejhs\/s400\/dulce.jpg?resize=240%2C240\" alt=\"\" width=\"240\" height=\"240\" border=\"0\" \/><\/a><\/div>\n<div><\/div>\n<div>Maribel por\u00a0<strong>Clara Garc\u00eda.<\/strong><\/div>\n<\/td>\n<td valign=\"top\" width=\"288\">\n<div><a href=\"https:\/\/i0.wp.com\/4.bp.blogspot.com\/_6pMCfXNdrwg\/TPS-AhuqGwI\/AAAAAAAAGp4\/D4X5qpIBC2E\/s1600\/esther.jpg\"><img data-recalc-dims=\"1\" loading=\"lazy\" decoding=\"async\" src=\"https:\/\/i0.wp.com\/4.bp.blogspot.com\/_6pMCfXNdrwg\/TPS-AhuqGwI\/AAAAAAAAGp4\/D4X5qpIBC2E\/s400\/esther.jpg?resize=240%2C240\" alt=\"\" width=\"240\" height=\"240\" border=\"0\" \/><\/a><\/div>\n<div><\/div>\n<div>Pablo por<strong>\u00a0Esther B\u00e1rcenas<\/strong>.<\/div>\n<\/td>\n<\/tr>\n<tr>\n<td valign=\"top\" width=\"288\">\n<div><a href=\"https:\/\/i0.wp.com\/4.bp.blogspot.com\/_6pMCfXNdrwg\/TPS-EnuO2nI\/AAAAAAAAGp8\/UZT3Zt1cO8A\/s1600\/gregorio.jpg\"><img data-recalc-dims=\"1\" loading=\"lazy\" decoding=\"async\" src=\"https:\/\/i0.wp.com\/4.bp.blogspot.com\/_6pMCfXNdrwg\/TPS-EnuO2nI\/AAAAAAAAGp8\/UZT3Zt1cO8A\/s400\/gregorio.jpg?resize=240%2C240\" alt=\"\" width=\"240\" height=\"240\" border=\"0\" \/><\/a><\/div>\n<div><\/div>\n<div>Gregorio por\u00a0<strong>Bleric Alcal\u00e1.<\/strong><\/div>\n<\/td>\n<td valign=\"top\" width=\"288\">\n<div><a href=\"https:\/\/i0.wp.com\/3.bp.blogspot.com\/_6pMCfXNdrwg\/TPS-IyeaF3I\/AAAAAAAAGqA\/YAq1n0lJybY\/s1600\/paqui.jpg\"><img data-recalc-dims=\"1\" loading=\"lazy\" decoding=\"async\" src=\"https:\/\/i0.wp.com\/3.bp.blogspot.com\/_6pMCfXNdrwg\/TPS-IyeaF3I\/AAAAAAAAGqA\/YAq1n0lJybY\/s400\/paqui.jpg?resize=240%2C240\" alt=\"\" width=\"240\" height=\"240\" border=\"0\" \/><\/a><\/div>\n<div><\/div>\n<div>Paqui por\u00a0<strong>Purificaci\u00f3n Verde<\/strong><\/div>\n<\/td>\n<\/tr>\n<tr>\n<td valign=\"top\" width=\"288\">\n<div><a href=\"https:\/\/i0.wp.com\/3.bp.blogspot.com\/_6pMCfXNdrwg\/TPS-jKYowjI\/AAAAAAAAGqM\/PuxJeEoQoJU\/s1600\/jose%2Bluis.jpg\"><img data-recalc-dims=\"1\" loading=\"lazy\" decoding=\"async\" src=\"https:\/\/i0.wp.com\/3.bp.blogspot.com\/_6pMCfXNdrwg\/TPS-jKYowjI\/AAAAAAAAGqM\/PuxJeEoQoJU\/s400\/jose%2Bluis.jpg?resize=240%2C240\" alt=\"\" width=\"240\" height=\"240\" border=\"0\" \/><\/a><\/div>\n<div><\/div>\n<div>Jos\u00e9 Luis por\u00a0<strong>Paloma Melo<\/strong><\/div>\n<\/td>\n<td valign=\"top\" width=\"288\">\n<div><a href=\"https:\/\/i0.wp.com\/2.bp.blogspot.com\/_6pMCfXNdrwg\/TPS-mpKpQ-I\/AAAAAAAAGqQ\/pmBxGwz_LcM\/s1600\/mojona.jpg\"><img data-recalc-dims=\"1\" loading=\"lazy\" decoding=\"async\" src=\"https:\/\/i0.wp.com\/2.bp.blogspot.com\/_6pMCfXNdrwg\/TPS-mpKpQ-I\/AAAAAAAAGqQ\/pmBxGwz_LcM\/s400\/mojona.jpg?resize=240%2C240\" alt=\"\" width=\"240\" height=\"240\" border=\"0\" \/><\/a><\/div>\n<div><\/div>\n<div>Personaje de la Pasi\u00f3n por\u00a0<strong>Guadalupe Claver.<\/strong><\/div>\n<\/td>\n<\/tr>\n<tr>\n<td valign=\"top\" width=\"288\">\n<div><a href=\"https:\/\/i0.wp.com\/2.bp.blogspot.com\/_6pMCfXNdrwg\/TPS-rEzPBvI\/AAAAAAAAGqU\/NuUikI6B8VM\/s1600\/paris.jpg\"><img data-recalc-dims=\"1\" loading=\"lazy\" decoding=\"async\" src=\"https:\/\/i0.wp.com\/2.bp.blogspot.com\/_6pMCfXNdrwg\/TPS-rEzPBvI\/AAAAAAAAGqU\/NuUikI6B8VM\/s400\/paris.jpg?resize=240%2C240\" alt=\"\" width=\"240\" height=\"240\" border=\"0\" \/><\/a><\/div>\n<div><\/div>\n<div>Jos\u00e9 Luis Paris por\u00a0<strong>Naiara Castellanos.<\/strong><\/div>\n<\/td>\n<td valign=\"top\" width=\"288\">\n<div><a href=\"https:\/\/i0.wp.com\/3.bp.blogspot.com\/_6pMCfXNdrwg\/TPS-5pp3s_I\/AAAAAAAAGqg\/CC8gF22Z6_c\/s1600\/raul.jpg\"><img data-recalc-dims=\"1\" loading=\"lazy\" decoding=\"async\" src=\"https:\/\/i0.wp.com\/3.bp.blogspot.com\/_6pMCfXNdrwg\/TPS-5pp3s_I\/AAAAAAAAGqg\/CC8gF22Z6_c\/s400\/raul.jpg?resize=240%2C240\" alt=\"\" width=\"240\" height=\"240\" border=\"0\" \/><\/a><\/div>\n<div><\/div>\n<div>Ra\u00fal Alonso por\u00a0<strong>Oscar Villal\u00f3n.<\/strong><\/div>\n<\/td>\n<\/tr>\n<tr>\n<td valign=\"top\" width=\"288\">\n<div><a href=\"https:\/\/i0.wp.com\/3.bp.blogspot.com\/_6pMCfXNdrwg\/TPo4ytq7YbI\/AAAAAAAAGvc\/60D4bZZK9qc\/s1600\/exp%2Brostros%2B2%2B002%2Bcopia.jpg\"><img data-recalc-dims=\"1\" loading=\"lazy\" decoding=\"async\" src=\"https:\/\/i0.wp.com\/3.bp.blogspot.com\/_6pMCfXNdrwg\/TPo4ytq7YbI\/AAAAAAAAGvc\/60D4bZZK9qc\/s400\/exp%2Brostros%2B2%2B002%2Bcopia.jpg?resize=240%2C240\" alt=\"\" width=\"240\" height=\"240\" border=\"0\" \/><\/a><\/div>\n<div><\/div>\n<div>Jos\u00e9 Sacrist\u00e1n por\u00a0<strong>Charo Rolland.<\/strong><\/div>\n<\/td>\n<td valign=\"top\" width=\"288\">\n<div><a href=\"https:\/\/i0.wp.com\/4.bp.blogspot.com\/_6pMCfXNdrwg\/TPS_Fp-kvJI\/AAAAAAAAGqs\/DXnU2upZFaU\/s1600\/varea.jpg\"><img data-recalc-dims=\"1\" loading=\"lazy\" decoding=\"async\" style=\"border-image: initial; border: 0px initial initial;\" src=\"https:\/\/i0.wp.com\/4.bp.blogspot.com\/_6pMCfXNdrwg\/TPS_Fp-kvJI\/AAAAAAAAGqs\/DXnU2upZFaU\/s400\/varea.jpg?resize=240%2C240\" alt=\"\" width=\"240\" height=\"240\" border=\"0\" \/><\/a><\/div>\n<div><\/div>\n<div>Juan por\u00a0<strong>Carmen Marcos<\/strong><\/div>\n<\/td>\n<\/tr>\n<\/tbody>\n<\/table>\n<\/div>\n<div align=\"center\"><\/div>\n<div align=\"center\"><\/div>\n","protected":false},"excerpt":{"rendered":"<p>Inicio &gt; Archivo &gt;\u00a0Proyectos &gt; Rostros de Chinch\u00f3n 1. Promotores del Proyecto Colectivo de Artistas de Chinch\u00f3n y Academia de Pintura DeCinti Villal\u00f3n 2. Explicaci\u00f3n del Proyecto La exposici\u00f3n const\u00f3 de un total de setenta obras, entre pinturas, esculturas, dibujos y fotograf\u00edas, realizadas por cuarenta y cinco artistas con diversas t\u00e9cnicas y estilos, cuyo tema [&#8230;]<\/p>\n","protected":false},"author":1,"featured_media":4967,"comment_status":"closed","ping_status":"closed","sticky":false,"template":"","format":"standard","meta":{"_acf_changed":false,"_jetpack_memberships_contains_paid_content":false,"footnotes":"","jetpack_publicize_message":"","jetpack_publicize_feature_enabled":true,"jetpack_social_post_already_shared":true,"jetpack_social_options":{"image_generator_settings":{"template":"highway","default_image_id":0,"font":"","enabled":false},"version":2}},"categories":[16],"tags":[],"yst_prominent_words":[59,52,509,290,381,508,505,503,501,504,201,464,286,330,506,502,1223,1222,507,343],"class_list":["post-3853","post","type-post","status-publish","format-standard","has-post-thumbnail","hentry","category-proyectos"],"acf":[],"jetpack_publicize_connections":[],"jetpack_featured_media_url":"https:\/\/i0.wp.com\/www.decintivillalon.com\/wp-content\/uploads\/2014\/10\/rostros.jpg?fit=549%2C476&ssl=1","yoast_head":"<!-- This site is optimized with the Yoast SEO Premium plugin v14.1 - https:\/\/yoast.com\/wordpress\/plugins\/seo\/ -->\n<meta name=\"description\" content=\"Descripci\u00f3n detallada del proyecto colectivo en Chinch\u00f3n\" \/>\n<meta name=\"robots\" content=\"index, follow\" \/>\n<meta name=\"googlebot\" content=\"index, follow, max-snippet:-1, max-image-preview:large, max-video-preview:-1\" \/>\n<meta name=\"bingbot\" content=\"index, follow, max-snippet:-1, max-image-preview:large, max-video-preview:-1\" \/>\n<link rel=\"canonical\" href=\"https:\/\/www.decintivillalon.com\/2014\/10\/20\/rostros-de-chinchon\/\" \/>\n<meta property=\"og:locale\" content=\"en_US\" \/>\n<meta property=\"og:type\" content=\"article\" \/>\n<meta property=\"og:title\" content=\"Faces of Chinch\u00f3n\" \/>\n<meta property=\"og:description\" content=\"Descripci\u00f3n detallada del proyecto colectivo en Chinch\u00f3n\" \/>\n<meta property=\"og:url\" content=\"https:\/\/www.decintivillalon.com\/2014\/10\/20\/rostros-de-chinchon\/\" \/>\n<meta property=\"og:site_name\" content=\"DeCinti Villal\u00f3n: Academia de Pintura en Madrid D V Madrid, Academia de Pintura de Madrid | \u00d3leo | Acuarela | Dibujo\" \/>\n<meta property=\"article:publisher\" content=\"https:\/\/www.facebook.com\/ADVMadrid\" \/>\n<meta property=\"article:published_time\" content=\"2014-10-20T19:33:39+00:00\" \/>\n<meta property=\"article:modified_time\" content=\"2018-08-21T05:31:40+00:00\" \/>\n<meta property=\"og:image\" content=\"https:\/\/i0.wp.com\/www.decintivillalon.com\/wp-content\/uploads\/2014\/10\/rostros.jpg?fit=549%2C476&#038;ssl=1\" \/>\n\t<meta property=\"og:image:width\" content=\"549\" \/>\n\t<meta property=\"og:image:height\" content=\"476\" \/>\n<script type=\"application\/ld+json\" class=\"yoast-schema-graph\">{\"@context\":\"https:\/\/schema.org\",\"@graph\":[{\"@type\":\"Organization\",\"@id\":\"https:\/\/www.decintivillalon.com\/en\/#organization\",\"name\":\"DeCinti & Vilall\\u00f3n S.L.\",\"url\":\"https:\/\/www.decintivillalon.com\/en\/\",\"sameAs\":[\"https:\/\/www.facebook.com\/ADVMadrid\",\"https:\/\/www.youtube.com\/user\/artedv\"],\"logo\":{\"@type\":\"ImageObject\",\"@id\":\"https:\/\/www.decintivillalon.com\/en\/#logo\",\"inLanguage\":\"en-US\",\"url\":\"https:\/\/i0.wp.com\/www.decintivillalon.com\/wp-content\/uploads\/2014\/11\/1-logodv-0011.jpg?fit=80%2C80&ssl=1\",\"width\":80,\"height\":80,\"caption\":\"DeCinti & Vilall\\u00f3n S.L.\"},\"image\":{\"@id\":\"https:\/\/www.decintivillalon.com\/en\/#logo\"}},{\"@type\":\"WebSite\",\"@id\":\"https:\/\/www.decintivillalon.com\/en\/#website\",\"url\":\"https:\/\/www.decintivillalon.com\/en\/\",\"name\":\"DeCinti Villal\\u00f3n: Academia de Pintura en Madrid D V Madrid, Academia de Pintura de Madrid | \\u00d3leo | Acuarela | Dibujo\",\"description\":\"Curso nacional e internacional. Profesores expertos Academia de Pintura Especialistas en \\u00d3leo\",\"publisher\":{\"@id\":\"https:\/\/www.decintivillalon.com\/en\/#organization\"},\"potentialAction\":[{\"@type\":\"SearchAction\",\"target\":\"https:\/\/www.decintivillalon.com\/en\/?s={search_term_string}\",\"query-input\":\"required name=search_term_string\"}],\"inLanguage\":\"en-US\"},{\"@type\":\"ImageObject\",\"@id\":\"https:\/\/www.decintivillalon.com\/2014\/10\/20\/rostros-de-chinchon\/#primaryimage\",\"inLanguage\":\"en-US\",\"url\":\"https:\/\/i0.wp.com\/www.decintivillalon.com\/wp-content\/uploads\/2014\/10\/rostros.jpg?fit=549%2C476&ssl=1\",\"width\":549,\"height\":476},{\"@type\":\"WebPage\",\"@id\":\"https:\/\/www.decintivillalon.com\/2014\/10\/20\/rostros-de-chinchon\/#webpage\",\"url\":\"https:\/\/www.decintivillalon.com\/2014\/10\/20\/rostros-de-chinchon\/\",\"name\":\"Faces of Chinch\\u00f3n\",\"isPartOf\":{\"@id\":\"https:\/\/www.decintivillalon.com\/en\/#website\"},\"primaryImageOfPage\":{\"@id\":\"https:\/\/www.decintivillalon.com\/2014\/10\/20\/rostros-de-chinchon\/#primaryimage\"},\"datePublished\":\"2014-10-20T19:33:39+00:00\",\"dateModified\":\"2018-08-21T05:31:40+00:00\",\"description\":\"Descripci\\u00f3n detallada del proyecto colectivo en Chinch\\u00f3n\",\"breadcrumb\":{\"@id\":\"https:\/\/www.decintivillalon.com\/2014\/10\/20\/rostros-de-chinchon\/#breadcrumb\"},\"inLanguage\":\"en-US\",\"potentialAction\":[{\"@type\":\"ReadAction\",\"target\":[\"https:\/\/www.decintivillalon.com\/2014\/10\/20\/rostros-de-chinchon\/\"]}]},{\"@type\":\"BreadcrumbList\",\"@id\":\"https:\/\/www.decintivillalon.com\/2014\/10\/20\/rostros-de-chinchon\/#breadcrumb\",\"itemListElement\":[{\"@type\":\"ListItem\",\"position\":1,\"item\":{\"@type\":\"WebPage\",\"@id\":\"https:\/\/www.decintivillalon.com\/\",\"url\":\"https:\/\/www.decintivillalon.com\/\",\"name\":\"Portada\"}},{\"@type\":\"ListItem\",\"position\":2,\"item\":{\"@type\":\"WebPage\",\"@id\":\"https:\/\/www.decintivillalon.com\/2014\/10\/20\/rostros-de-chinchon\/\",\"url\":\"https:\/\/www.decintivillalon.com\/2014\/10\/20\/rostros-de-chinchon\/\",\"name\":\"Rostros de Chinch\\u00f3n\"}}]},{\"@type\":\"Article\",\"@id\":\"https:\/\/www.decintivillalon.com\/2014\/10\/20\/rostros-de-chinchon\/#article\",\"isPartOf\":{\"@id\":\"https:\/\/www.decintivillalon.com\/2014\/10\/20\/rostros-de-chinchon\/#webpage\"},\"author\":{\"@id\":\"https:\/\/www.decintivillalon.com\/en\/#\/schema\/person\/f8dab1f105dd8bfc55633b635e8e1db9\"},\"headline\":\"Faces of Chinch\\u00f3n\",\"datePublished\":\"2014-10-20T19:33:39+00:00\",\"dateModified\":\"2018-08-21T05:31:40+00:00\",\"commentCount\":0,\"mainEntityOfPage\":{\"@id\":\"https:\/\/www.decintivillalon.com\/2014\/10\/20\/rostros-de-chinchon\/#webpage\"},\"publisher\":{\"@id\":\"https:\/\/www.decintivillalon.com\/en\/#organization\"},\"image\":{\"@id\":\"https:\/\/www.decintivillalon.com\/2014\/10\/20\/rostros-de-chinchon\/#primaryimage\"},\"articleSection\":\"Proyectos\",\"inLanguage\":\"en-US\"},{\"@type\":[\"Person\"],\"@id\":\"https:\/\/www.decintivillalon.com\/en\/#\/schema\/person\/f8dab1f105dd8bfc55633b635e8e1db9\",\"name\":\"decinti\",\"image\":{\"@type\":\"ImageObject\",\"@id\":\"https:\/\/www.decintivillalon.com\/en\/#personlogo\",\"inLanguage\":\"en-US\",\"url\":\"https:\/\/secure.gravatar.com\/avatar\/388a3c230c5d7caa6b569a01138507d0e25d11ffe58a31d77879ed0fb70b9e85?s=96&d=mm&r=g\",\"caption\":\"decinti\"}}]}<\/script>\n<!-- \/ Yoast SEO Premium plugin. -->","jetpack_shortlink":"https:\/\/wp.me\/p3Hbis-109","jetpack_sharing_enabled":true,"_links":{"self":[{"href":"https:\/\/www.decintivillalon.com\/en\/wp-json\/wp\/v2\/posts\/3853","targetHints":{"allow":["GET"]}}],"collection":[{"href":"https:\/\/www.decintivillalon.com\/en\/wp-json\/wp\/v2\/posts"}],"about":[{"href":"https:\/\/www.decintivillalon.com\/en\/wp-json\/wp\/v2\/types\/post"}],"author":[{"embeddable":true,"href":"https:\/\/www.decintivillalon.com\/en\/wp-json\/wp\/v2\/users\/1"}],"replies":[{"embeddable":true,"href":"https:\/\/www.decintivillalon.com\/en\/wp-json\/wp\/v2\/comments?post=3853"}],"version-history":[{"count":0,"href":"https:\/\/www.decintivillalon.com\/en\/wp-json\/wp\/v2\/posts\/3853\/revisions"}],"wp:featuredmedia":[{"embeddable":true,"href":"https:\/\/www.decintivillalon.com\/en\/wp-json\/wp\/v2\/media\/4967"}],"wp:attachment":[{"href":"https:\/\/www.decintivillalon.com\/en\/wp-json\/wp\/v2\/media?parent=3853"}],"wp:term":[{"taxonomy":"category","embeddable":true,"href":"https:\/\/www.decintivillalon.com\/en\/wp-json\/wp\/v2\/categories?post=3853"},{"taxonomy":"post_tag","embeddable":true,"href":"https:\/\/www.decintivillalon.com\/en\/wp-json\/wp\/v2\/tags?post=3853"},{"taxonomy":"yst_prominent_words","embeddable":true,"href":"https:\/\/www.decintivillalon.com\/en\/wp-json\/wp\/v2\/yst_prominent_words?post=3853"}],"curies":[{"name":"wp","href":"https:\/\/api.w.org\/{rel}","templated":true}]}}