{"id":11334,"date":"2018-03-03T18:39:11","date_gmt":"2018-03-03T18:39:11","guid":{"rendered":"https:\/\/www.decintivillalon.com\/?p=11334"},"modified":"2019-11-03T18:49:35","modified_gmt":"2019-11-03T18:49:35","slug":"2018-laura-molina-sala-dv-madrid","status":"publish","type":"post","link":"https:\/\/www.decintivillalon.com\/en\/2018\/03\/03\/2018-laura-molina-sala-dv-madrid\/","title":{"rendered":"2018 Laura Molina, Sala DV, Madrid"},"content":{"rendered":"<p><strong>Exposici\u00f3n de pintura. <\/strong> Del 8 de marzo al 8 de mayo de 2018. Sala DV, Madrid, Espa\u00f1a.<\/p>\n<p>Artista residente en Madrid. Graduada en Bellas Artes en la Universidad Complutense de Madrid, con master en Educaci\u00f3n Artistica en Instituciones Sociales y Culturales de la misma universidad. Diplomada en Ilustraci\u00f3n y Dibujo Tradicional en la escuela Arteneo. En los \u00faltimos a\u00f1os ha indagado en sus obras sobre la representaci\u00f3n del paso del tiempo, as\u00ed como la construcci\u00f3n de la identidad. Su actual exposici\u00f3n es una muestra de esta b\u00fasqueda de la construcci\u00f3n y deconstrucci\u00f3n del individuo a lo largo del paso del tiempo.<\/p>\n<p><img data-recalc-dims=\"1\" loading=\"lazy\" decoding=\"async\" data-attachment-id=\"8059\" data-permalink=\"https:\/\/www.decintivillalon.com\/en\/2018\/03\/02\/2018-exposiciones\/cara1-2\/\" data-orig-file=\"https:\/\/i0.wp.com\/www.decintivillalon.com\/wp-content\/uploads\/2018\/03\/cara1.2.jpg?fit=1587%2C831&amp;ssl=1\" data-orig-size=\"1587,831\" data-comments-opened=\"0\" data-image-meta=\"{&quot;aperture&quot;:&quot;0&quot;,&quot;credit&quot;:&quot;&quot;,&quot;camera&quot;:&quot;&quot;,&quot;caption&quot;:&quot;&quot;,&quot;created_timestamp&quot;:&quot;0&quot;,&quot;copyright&quot;:&quot;&quot;,&quot;focal_length&quot;:&quot;0&quot;,&quot;iso&quot;:&quot;0&quot;,&quot;shutter_speed&quot;:&quot;0&quot;,&quot;title&quot;:&quot;&quot;,&quot;orientation&quot;:&quot;1&quot;}\" data-image-title=\"cara1.2\" data-image-description=\"\" data-image-caption=\"\" data-large-file=\"https:\/\/i0.wp.com\/www.decintivillalon.com\/wp-content\/uploads\/2018\/03\/cara1.2.jpg?fit=1024%2C536&amp;ssl=1\" class=\"aligncenter size-large wp-image-8059\" src=\"https:\/\/i0.wp.com\/www.decintivillalon.com\/wp-content\/uploads\/2018\/03\/cara1.2-1024x536.jpg?resize=1024%2C536\" alt=\"\" width=\"1024\" height=\"536\" srcset=\"https:\/\/i0.wp.com\/www.decintivillalon.com\/wp-content\/uploads\/2018\/03\/cara1.2.jpg?resize=1024%2C536&amp;ssl=1 1024w, https:\/\/i0.wp.com\/www.decintivillalon.com\/wp-content\/uploads\/2018\/03\/cara1.2.jpg?resize=300%2C157&amp;ssl=1 300w, https:\/\/i0.wp.com\/www.decintivillalon.com\/wp-content\/uploads\/2018\/03\/cara1.2.jpg?resize=768%2C402&amp;ssl=1 768w, https:\/\/i0.wp.com\/www.decintivillalon.com\/wp-content\/uploads\/2018\/03\/cara1.2.jpg?w=1587&amp;ssl=1 1587w\" sizes=\"auto, (max-width: 1000px) 100vw, 1000px\" \/><\/p>\n\n\t\t<style type=\"text\/css\">\n\t\t\t#gallery-1 {\n\t\t\t\tmargin: auto;\n\t\t\t}\n\t\t\t#gallery-1 .gallery-item {\n\t\t\t\tfloat: left;\n\t\t\t\tmargin-top: 10px;\n\t\t\t\ttext-align: center;\n\t\t\t\twidth: 25%;\n\t\t\t}\n\t\t\t#gallery-1 img {\n\t\t\t\tborder: 2px solid #cfcfcf;\n\t\t\t}\n\t\t\t#gallery-1 .gallery-caption {\n\t\t\t\tmargin-left: 0;\n\t\t\t}\n\t\t\t\/* see gallery_shortcode() in wp-includes\/media.php *\/\n\t\t<\/style>\n\t\t<div data-carousel-extra='{&quot;blog_id&quot;:1,&quot;permalink&quot;:&quot;https:\/\/www.decintivillalon.com\/en\/2018\/03\/03\/2018-laura-molina-sala-dv-madrid\/&quot;}' id='gallery-1' class='gallery galleryid-11334 gallery-columns-4 gallery-size-thumbnail'><dl class='gallery-item'>\n\t\t\t<dt class='gallery-icon landscape'>\n\t\t\t\t<a href='https:\/\/www.decintivillalon.com\/en\/2018\/03\/02\/2018-exposiciones\/23-autorretrato-con-puzzles-no2-133x100cm\/'><img loading=\"lazy\" decoding=\"async\" width=\"150\" height=\"150\" src=\"https:\/\/i0.wp.com\/www.decintivillalon.com\/wp-content\/uploads\/2018\/03\/23.-Autorretrato-con-puzzles-n%C2%BA2-133x100cm.jpg?resize=150%2C150&amp;ssl=1\" class=\"attachment-thumbnail size-thumbnail\" alt=\"\" data-attachment-id=\"8026\" data-permalink=\"https:\/\/www.decintivillalon.com\/en\/2018\/03\/02\/2018-exposiciones\/23-autorretrato-con-puzzles-no2-133x100cm\/\" data-orig-file=\"https:\/\/i0.wp.com\/www.decintivillalon.com\/wp-content\/uploads\/2018\/03\/23.-Autorretrato-con-puzzles-n%C2%BA2-133x100cm.jpg?fit=1200%2C892&amp;ssl=1\" data-orig-size=\"1200,892\" data-comments-opened=\"0\" data-image-meta=\"{&quot;aperture&quot;:&quot;0&quot;,&quot;credit&quot;:&quot;Picasa&quot;,&quot;camera&quot;:&quot;&quot;,&quot;caption&quot;:&quot;&quot;,&quot;created_timestamp&quot;:&quot;1519062990&quot;,&quot;copyright&quot;:&quot;&quot;,&quot;focal_length&quot;:&quot;0&quot;,&quot;iso&quot;:&quot;0&quot;,&quot;shutter_speed&quot;:&quot;0&quot;,&quot;title&quot;:&quot;&quot;,&quot;orientation&quot;:&quot;0&quot;}\" data-image-title=\"23. Autorretrato con puzzles n\u00ba2 133x100cm\" data-image-description=\"\" data-image-caption=\"\" data-large-file=\"https:\/\/i0.wp.com\/www.decintivillalon.com\/wp-content\/uploads\/2018\/03\/23.-Autorretrato-con-puzzles-n%C2%BA2-133x100cm.jpg?fit=1024%2C761&amp;ssl=1\" \/><\/a>\n\t\t\t<\/dt><\/dl><dl class='gallery-item'>\n\t\t\t<dt class='gallery-icon landscape'>\n\t\t\t\t<a href='https:\/\/www.decintivillalon.com\/en\/2018\/03\/02\/2018-exposiciones\/19-hombre-en-fondo-oscuro-30x40\/'><img loading=\"lazy\" decoding=\"async\" width=\"150\" height=\"150\" src=\"https:\/\/i0.wp.com\/www.decintivillalon.com\/wp-content\/uploads\/2018\/03\/19.-Hombre-en-fondo-oscuro-30x40.jpg?resize=150%2C150&amp;ssl=1\" class=\"attachment-thumbnail size-thumbnail\" alt=\"\" srcset=\"https:\/\/i0.wp.com\/www.decintivillalon.com\/wp-content\/uploads\/2018\/03\/19.-Hombre-en-fondo-oscuro-30x40.jpg?resize=150%2C150&amp;ssl=1 150w, https:\/\/i0.wp.com\/www.decintivillalon.com\/wp-content\/uploads\/2018\/03\/19.-Hombre-en-fondo-oscuro-30x40.jpg?zoom=2&amp;resize=150%2C150&amp;ssl=1 300w, https:\/\/i0.wp.com\/www.decintivillalon.com\/wp-content\/uploads\/2018\/03\/19.-Hombre-en-fondo-oscuro-30x40.jpg?zoom=3&amp;resize=150%2C150&amp;ssl=1 450w\" sizes=\"auto, (max-width: 150px) 100vw, 150px\" data-attachment-id=\"8028\" data-permalink=\"https:\/\/www.decintivillalon.com\/en\/2018\/03\/02\/2018-exposiciones\/19-hombre-en-fondo-oscuro-30x40\/\" data-orig-file=\"https:\/\/i0.wp.com\/www.decintivillalon.com\/wp-content\/uploads\/2018\/03\/19.-Hombre-en-fondo-oscuro-30x40.jpg?fit=1200%2C903&amp;ssl=1\" data-orig-size=\"1200,903\" data-comments-opened=\"0\" data-image-meta=\"{&quot;aperture&quot;:&quot;0&quot;,&quot;credit&quot;:&quot;Picasa&quot;,&quot;camera&quot;:&quot;&quot;,&quot;caption&quot;:&quot;&quot;,&quot;created_timestamp&quot;:&quot;1519062886&quot;,&quot;copyright&quot;:&quot;&quot;,&quot;focal_length&quot;:&quot;0&quot;,&quot;iso&quot;:&quot;0&quot;,&quot;shutter_speed&quot;:&quot;0&quot;,&quot;title&quot;:&quot;&quot;,&quot;orientation&quot;:&quot;0&quot;}\" data-image-title=\"19. Hombre en fondo oscuro 30&#215;40\" data-image-description=\"\" data-image-caption=\"\" data-large-file=\"https:\/\/i0.wp.com\/www.decintivillalon.com\/wp-content\/uploads\/2018\/03\/19.-Hombre-en-fondo-oscuro-30x40.jpg?fit=1024%2C771&amp;ssl=1\" \/><\/a>\n\t\t\t<\/dt><\/dl><dl class='gallery-item'>\n\t\t\t<dt class='gallery-icon portrait'>\n\t\t\t\t<a href='https:\/\/www.decintivillalon.com\/en\/2018\/03\/02\/2018-exposiciones\/20-perfil-30x40cm\/'><img loading=\"lazy\" decoding=\"async\" width=\"150\" height=\"150\" src=\"https:\/\/i0.wp.com\/www.decintivillalon.com\/wp-content\/uploads\/2018\/03\/20.-Perfil-30x40cm.jpg?resize=150%2C150&amp;ssl=1\" class=\"attachment-thumbnail size-thumbnail\" alt=\"\" srcset=\"https:\/\/i0.wp.com\/www.decintivillalon.com\/wp-content\/uploads\/2018\/03\/20.-Perfil-30x40cm.jpg?resize=150%2C150&amp;ssl=1 150w, https:\/\/i0.wp.com\/www.decintivillalon.com\/wp-content\/uploads\/2018\/03\/20.-Perfil-30x40cm.jpg?zoom=2&amp;resize=150%2C150&amp;ssl=1 300w, https:\/\/i0.wp.com\/www.decintivillalon.com\/wp-content\/uploads\/2018\/03\/20.-Perfil-30x40cm.jpg?zoom=3&amp;resize=150%2C150&amp;ssl=1 450w\" sizes=\"auto, (max-width: 150px) 100vw, 150px\" data-attachment-id=\"8029\" data-permalink=\"https:\/\/www.decintivillalon.com\/en\/2018\/03\/02\/2018-exposiciones\/20-perfil-30x40cm\/\" data-orig-file=\"https:\/\/i0.wp.com\/www.decintivillalon.com\/wp-content\/uploads\/2018\/03\/20.-Perfil-30x40cm.jpg?fit=862%2C1200&amp;ssl=1\" data-orig-size=\"862,1200\" data-comments-opened=\"0\" data-image-meta=\"{&quot;aperture&quot;:&quot;0&quot;,&quot;credit&quot;:&quot;Picasa&quot;,&quot;camera&quot;:&quot;&quot;,&quot;caption&quot;:&quot;&quot;,&quot;created_timestamp&quot;:&quot;1519062904&quot;,&quot;copyright&quot;:&quot;&quot;,&quot;focal_length&quot;:&quot;0&quot;,&quot;iso&quot;:&quot;0&quot;,&quot;shutter_speed&quot;:&quot;0&quot;,&quot;title&quot;:&quot;&quot;,&quot;orientation&quot;:&quot;0&quot;}\" data-image-title=\"20. Perfil 30x40cm\" data-image-description=\"\" data-image-caption=\"\" data-large-file=\"https:\/\/i0.wp.com\/www.decintivillalon.com\/wp-content\/uploads\/2018\/03\/20.-Perfil-30x40cm.jpg?fit=736%2C1024&amp;ssl=1\" \/><\/a>\n\t\t\t<\/dt><\/dl><dl class='gallery-item'>\n\t\t\t<dt class='gallery-icon landscape'>\n\t\t\t\t<a href='https:\/\/www.decintivillalon.com\/en\/2018\/03\/02\/2018-exposiciones\/18-puzzle-no3-30x40\/'><img loading=\"lazy\" decoding=\"async\" width=\"150\" height=\"150\" src=\"https:\/\/i0.wp.com\/www.decintivillalon.com\/wp-content\/uploads\/2018\/03\/18.-Puzzle-n%C2%BA3-30x40-.jpg?resize=150%2C150&amp;ssl=1\" class=\"attachment-thumbnail size-thumbnail\" alt=\"\" data-attachment-id=\"8030\" data-permalink=\"https:\/\/www.decintivillalon.com\/en\/2018\/03\/02\/2018-exposiciones\/18-puzzle-no3-30x40\/\" data-orig-file=\"https:\/\/i0.wp.com\/www.decintivillalon.com\/wp-content\/uploads\/2018\/03\/18.-Puzzle-n%C2%BA3-30x40-.jpg?fit=1200%2C892&amp;ssl=1\" data-orig-size=\"1200,892\" data-comments-opened=\"0\" data-image-meta=\"{&quot;aperture&quot;:&quot;0&quot;,&quot;credit&quot;:&quot;Picasa&quot;,&quot;camera&quot;:&quot;&quot;,&quot;caption&quot;:&quot;&quot;,&quot;created_timestamp&quot;:&quot;1519062864&quot;,&quot;copyright&quot;:&quot;&quot;,&quot;focal_length&quot;:&quot;0&quot;,&quot;iso&quot;:&quot;0&quot;,&quot;shutter_speed&quot;:&quot;0&quot;,&quot;title&quot;:&quot;&quot;,&quot;orientation&quot;:&quot;0&quot;}\" data-image-title=\"18. Puzzle n\u00ba3 30&#215;40\" data-image-description=\"\" data-image-caption=\"\" data-large-file=\"https:\/\/i0.wp.com\/www.decintivillalon.com\/wp-content\/uploads\/2018\/03\/18.-Puzzle-n%C2%BA3-30x40-.jpg?fit=1024%2C761&amp;ssl=1\" \/><\/a>\n\t\t\t<\/dt><\/dl><br style=\"clear: both\" \/><dl class='gallery-item'>\n\t\t\t<dt class='gallery-icon landscape'>\n\t\t\t\t<a href='https:\/\/www.decintivillalon.com\/en\/2018\/03\/02\/2018-exposiciones\/17-puzzle-no2-30x40\/'><img loading=\"lazy\" decoding=\"async\" width=\"150\" height=\"150\" src=\"https:\/\/i0.wp.com\/www.decintivillalon.com\/wp-content\/uploads\/2018\/03\/17.Puzzle-n%C2%BA2-30x40.jpg?resize=150%2C150&amp;ssl=1\" class=\"attachment-thumbnail size-thumbnail\" alt=\"\" data-attachment-id=\"8031\" data-permalink=\"https:\/\/www.decintivillalon.com\/en\/2018\/03\/02\/2018-exposiciones\/17-puzzle-no2-30x40\/\" data-orig-file=\"https:\/\/i0.wp.com\/www.decintivillalon.com\/wp-content\/uploads\/2018\/03\/17.Puzzle-n%C2%BA2-30x40.jpg?fit=803%2C579&amp;ssl=1\" data-orig-size=\"803,579\" data-comments-opened=\"0\" data-image-meta=\"{&quot;aperture&quot;:&quot;0&quot;,&quot;credit&quot;:&quot;Picasa&quot;,&quot;camera&quot;:&quot;&quot;,&quot;caption&quot;:&quot;&quot;,&quot;created_timestamp&quot;:&quot;1519062840&quot;,&quot;copyright&quot;:&quot;&quot;,&quot;focal_length&quot;:&quot;0&quot;,&quot;iso&quot;:&quot;0&quot;,&quot;shutter_speed&quot;:&quot;0&quot;,&quot;title&quot;:&quot;&quot;,&quot;orientation&quot;:&quot;0&quot;}\" data-image-title=\"17.Puzzle n\u00ba2 30&#215;40\" data-image-description=\"\" data-image-caption=\"\" data-large-file=\"https:\/\/i0.wp.com\/www.decintivillalon.com\/wp-content\/uploads\/2018\/03\/17.Puzzle-n%C2%BA2-30x40.jpg?fit=803%2C579&amp;ssl=1\" \/><\/a>\n\t\t\t<\/dt><\/dl><dl class='gallery-item'>\n\t\t\t<dt class='gallery-icon portrait'>\n\t\t\t\t<a href='https:\/\/www.decintivillalon.com\/en\/2018\/03\/02\/2018-exposiciones\/16-rostro-de-mujer-30x40\/'><img loading=\"lazy\" decoding=\"async\" width=\"150\" height=\"150\" src=\"https:\/\/i0.wp.com\/www.decintivillalon.com\/wp-content\/uploads\/2018\/03\/16.-Rostro-de-mujer-30x40.jpg?resize=150%2C150&amp;ssl=1\" class=\"attachment-thumbnail size-thumbnail\" alt=\"\" srcset=\"https:\/\/i0.wp.com\/www.decintivillalon.com\/wp-content\/uploads\/2018\/03\/16.-Rostro-de-mujer-30x40.jpg?resize=150%2C150&amp;ssl=1 150w, https:\/\/i0.wp.com\/www.decintivillalon.com\/wp-content\/uploads\/2018\/03\/16.-Rostro-de-mujer-30x40.jpg?zoom=2&amp;resize=150%2C150&amp;ssl=1 300w, https:\/\/i0.wp.com\/www.decintivillalon.com\/wp-content\/uploads\/2018\/03\/16.-Rostro-de-mujer-30x40.jpg?zoom=3&amp;resize=150%2C150&amp;ssl=1 450w\" sizes=\"auto, (max-width: 150px) 100vw, 150px\" data-attachment-id=\"8032\" data-permalink=\"https:\/\/www.decintivillalon.com\/en\/2018\/03\/02\/2018-exposiciones\/16-rostro-de-mujer-30x40\/\" data-orig-file=\"https:\/\/i0.wp.com\/www.decintivillalon.com\/wp-content\/uploads\/2018\/03\/16.-Rostro-de-mujer-30x40.jpg?fit=819%2C1121&amp;ssl=1\" data-orig-size=\"819,1121\" data-comments-opened=\"0\" data-image-meta=\"{&quot;aperture&quot;:&quot;0&quot;,&quot;credit&quot;:&quot;Picasa&quot;,&quot;camera&quot;:&quot;&quot;,&quot;caption&quot;:&quot;&quot;,&quot;created_timestamp&quot;:&quot;1519062818&quot;,&quot;copyright&quot;:&quot;&quot;,&quot;focal_length&quot;:&quot;0&quot;,&quot;iso&quot;:&quot;0&quot;,&quot;shutter_speed&quot;:&quot;0&quot;,&quot;title&quot;:&quot;&quot;,&quot;orientation&quot;:&quot;0&quot;}\" data-image-title=\"16. Rostro de mujer 30&#215;40\" data-image-description=\"\" data-image-caption=\"\" data-large-file=\"https:\/\/i0.wp.com\/www.decintivillalon.com\/wp-content\/uploads\/2018\/03\/16.-Rostro-de-mujer-30x40.jpg?fit=748%2C1024&amp;ssl=1\" \/><\/a>\n\t\t\t<\/dt><\/dl><dl class='gallery-item'>\n\t\t\t<dt class='gallery-icon landscape'>\n\t\t\t\t<a href='https:\/\/www.decintivillalon.com\/en\/2018\/03\/02\/2018-exposiciones\/1-autorretrato-con-paleta-50x35cm\/'><img loading=\"lazy\" decoding=\"async\" width=\"150\" height=\"150\" src=\"https:\/\/i0.wp.com\/www.decintivillalon.com\/wp-content\/uploads\/2018\/03\/1.-Autorretrato-con-paleta-50x35cm.jpg?resize=150%2C150&amp;ssl=1\" class=\"attachment-thumbnail size-thumbnail\" alt=\"\" srcset=\"https:\/\/i0.wp.com\/www.decintivillalon.com\/wp-content\/uploads\/2018\/03\/1.-Autorretrato-con-paleta-50x35cm.jpg?resize=150%2C150&amp;ssl=1 150w, https:\/\/i0.wp.com\/www.decintivillalon.com\/wp-content\/uploads\/2018\/03\/1.-Autorretrato-con-paleta-50x35cm.jpg?zoom=2&amp;resize=150%2C150&amp;ssl=1 300w, https:\/\/i0.wp.com\/www.decintivillalon.com\/wp-content\/uploads\/2018\/03\/1.-Autorretrato-con-paleta-50x35cm.jpg?zoom=3&amp;resize=150%2C150&amp;ssl=1 450w\" sizes=\"auto, (max-width: 150px) 100vw, 150px\" data-attachment-id=\"8033\" data-permalink=\"https:\/\/www.decintivillalon.com\/en\/2018\/03\/02\/2018-exposiciones\/1-autorretrato-con-paleta-50x35cm\/\" data-orig-file=\"https:\/\/i0.wp.com\/www.decintivillalon.com\/wp-content\/uploads\/2018\/03\/1.-Autorretrato-con-paleta-50x35cm.jpg?fit=1050%2C750&amp;ssl=1\" data-orig-size=\"1050,750\" data-comments-opened=\"0\" data-image-meta=\"{&quot;aperture&quot;:&quot;0&quot;,&quot;credit&quot;:&quot;Picasa&quot;,&quot;camera&quot;:&quot;&quot;,&quot;caption&quot;:&quot;&quot;,&quot;created_timestamp&quot;:&quot;1519062500&quot;,&quot;copyright&quot;:&quot;&quot;,&quot;focal_length&quot;:&quot;0&quot;,&quot;iso&quot;:&quot;0&quot;,&quot;shutter_speed&quot;:&quot;0&quot;,&quot;title&quot;:&quot;&quot;,&quot;orientation&quot;:&quot;0&quot;}\" data-image-title=\"1. Autorretrato con paleta 50x35cm\" data-image-description=\"\" data-image-caption=\"\" data-large-file=\"https:\/\/i0.wp.com\/www.decintivillalon.com\/wp-content\/uploads\/2018\/03\/1.-Autorretrato-con-paleta-50x35cm.jpg?fit=1024%2C731&amp;ssl=1\" \/><\/a>\n\t\t\t<\/dt><\/dl><dl class='gallery-item'>\n\t\t\t<dt class='gallery-icon portrait'>\n\t\t\t\t<a href='https:\/\/www.decintivillalon.com\/en\/2018\/03\/02\/2018-exposiciones\/11-mujer-con-mano-en-pecho-20x30\/'><img loading=\"lazy\" decoding=\"async\" width=\"150\" height=\"150\" src=\"https:\/\/i0.wp.com\/www.decintivillalon.com\/wp-content\/uploads\/2018\/03\/11.Mujer-con-mano-en-pecho-20x30.jpg?resize=150%2C150&amp;ssl=1\" class=\"attachment-thumbnail size-thumbnail\" alt=\"\" srcset=\"https:\/\/i0.wp.com\/www.decintivillalon.com\/wp-content\/uploads\/2018\/03\/11.Mujer-con-mano-en-pecho-20x30.jpg?resize=150%2C150&amp;ssl=1 150w, https:\/\/i0.wp.com\/www.decintivillalon.com\/wp-content\/uploads\/2018\/03\/11.Mujer-con-mano-en-pecho-20x30.jpg?zoom=2&amp;resize=150%2C150&amp;ssl=1 300w, https:\/\/i0.wp.com\/www.decintivillalon.com\/wp-content\/uploads\/2018\/03\/11.Mujer-con-mano-en-pecho-20x30.jpg?zoom=3&amp;resize=150%2C150&amp;ssl=1 450w\" sizes=\"auto, (max-width: 150px) 100vw, 150px\" data-attachment-id=\"8035\" data-permalink=\"https:\/\/www.decintivillalon.com\/en\/2018\/03\/02\/2018-exposiciones\/11-mujer-con-mano-en-pecho-20x30\/\" data-orig-file=\"https:\/\/i0.wp.com\/www.decintivillalon.com\/wp-content\/uploads\/2018\/03\/11.Mujer-con-mano-en-pecho-20x30.jpg?fit=789%2C1200&amp;ssl=1\" data-orig-size=\"789,1200\" data-comments-opened=\"0\" data-image-meta=\"{&quot;aperture&quot;:&quot;0&quot;,&quot;credit&quot;:&quot;Picasa&quot;,&quot;camera&quot;:&quot;&quot;,&quot;caption&quot;:&quot;&quot;,&quot;created_timestamp&quot;:&quot;1519062442&quot;,&quot;copyright&quot;:&quot;&quot;,&quot;focal_length&quot;:&quot;0&quot;,&quot;iso&quot;:&quot;0&quot;,&quot;shutter_speed&quot;:&quot;0&quot;,&quot;title&quot;:&quot;&quot;,&quot;orientation&quot;:&quot;0&quot;}\" data-image-title=\"11.Mujer con mano en pecho 20&#215;30\" data-image-description=\"\" data-image-caption=\"\" data-large-file=\"https:\/\/i0.wp.com\/www.decintivillalon.com\/wp-content\/uploads\/2018\/03\/11.Mujer-con-mano-en-pecho-20x30.jpg?fit=673%2C1024&amp;ssl=1\" \/><\/a>\n\t\t\t<\/dt><\/dl><br style=\"clear: both\" \/><dl class='gallery-item'>\n\t\t\t<dt class='gallery-icon portrait'>\n\t\t\t\t<a href='https:\/\/www.decintivillalon.com\/en\/2018\/03\/02\/2018-exposiciones\/5-pareja-abrazada-30x40\/'><img loading=\"lazy\" decoding=\"async\" width=\"150\" height=\"150\" src=\"https:\/\/i0.wp.com\/www.decintivillalon.com\/wp-content\/uploads\/2018\/03\/5.-Pareja-abrazada-30x40.jpg?resize=150%2C150&amp;ssl=1\" class=\"attachment-thumbnail size-thumbnail\" alt=\"\" srcset=\"https:\/\/i0.wp.com\/www.decintivillalon.com\/wp-content\/uploads\/2018\/03\/5.-Pareja-abrazada-30x40.jpg?resize=150%2C150&amp;ssl=1 150w, https:\/\/i0.wp.com\/www.decintivillalon.com\/wp-content\/uploads\/2018\/03\/5.-Pareja-abrazada-30x40.jpg?zoom=2&amp;resize=150%2C150&amp;ssl=1 300w, https:\/\/i0.wp.com\/www.decintivillalon.com\/wp-content\/uploads\/2018\/03\/5.-Pareja-abrazada-30x40.jpg?zoom=3&amp;resize=150%2C150&amp;ssl=1 450w\" sizes=\"auto, (max-width: 150px) 100vw, 150px\" data-attachment-id=\"8036\" data-permalink=\"https:\/\/www.decintivillalon.com\/en\/2018\/03\/02\/2018-exposiciones\/5-pareja-abrazada-30x40\/\" data-orig-file=\"https:\/\/i0.wp.com\/www.decintivillalon.com\/wp-content\/uploads\/2018\/03\/5.-Pareja-abrazada-30x40.jpg?fit=890%2C1200&amp;ssl=1\" data-orig-size=\"890,1200\" data-comments-opened=\"0\" data-image-meta=\"{&quot;aperture&quot;:&quot;0&quot;,&quot;credit&quot;:&quot;Picasa&quot;,&quot;camera&quot;:&quot;&quot;,&quot;caption&quot;:&quot;&quot;,&quot;created_timestamp&quot;:&quot;1519062262&quot;,&quot;copyright&quot;:&quot;&quot;,&quot;focal_length&quot;:&quot;0&quot;,&quot;iso&quot;:&quot;0&quot;,&quot;shutter_speed&quot;:&quot;0&quot;,&quot;title&quot;:&quot;&quot;,&quot;orientation&quot;:&quot;0&quot;}\" data-image-title=\"5. Pareja abrazada 30&#215;40\" data-image-description=\"\" data-image-caption=\"\" data-large-file=\"https:\/\/i0.wp.com\/www.decintivillalon.com\/wp-content\/uploads\/2018\/03\/5.-Pareja-abrazada-30x40.jpg?fit=759%2C1024&amp;ssl=1\" \/><\/a>\n\t\t\t<\/dt><\/dl><dl class='gallery-item'>\n\t\t\t<dt class='gallery-icon portrait'>\n\t\t\t\t<a href='https:\/\/www.decintivillalon.com\/en\/2018\/03\/02\/2018-exposiciones\/8-retrato-en-pizarra-enmarcado-16x21\/'><img loading=\"lazy\" decoding=\"async\" width=\"150\" height=\"150\" src=\"https:\/\/i0.wp.com\/www.decintivillalon.com\/wp-content\/uploads\/2018\/03\/8.Retrato-en-pizarra-enmarcado-16x21.jpg?resize=150%2C150&amp;ssl=1\" class=\"attachment-thumbnail size-thumbnail\" alt=\"\" srcset=\"https:\/\/i0.wp.com\/www.decintivillalon.com\/wp-content\/uploads\/2018\/03\/8.Retrato-en-pizarra-enmarcado-16x21.jpg?resize=150%2C150&amp;ssl=1 150w, https:\/\/i0.wp.com\/www.decintivillalon.com\/wp-content\/uploads\/2018\/03\/8.Retrato-en-pizarra-enmarcado-16x21.jpg?zoom=2&amp;resize=150%2C150&amp;ssl=1 300w\" sizes=\"auto, (max-width: 150px) 100vw, 150px\" data-attachment-id=\"8037\" data-permalink=\"https:\/\/www.decintivillalon.com\/en\/2018\/03\/02\/2018-exposiciones\/8-retrato-en-pizarra-enmarcado-16x21\/\" data-orig-file=\"https:\/\/i0.wp.com\/www.decintivillalon.com\/wp-content\/uploads\/2018\/03\/8.Retrato-en-pizarra-enmarcado-16x21.jpg?fit=399%2C627&amp;ssl=1\" data-orig-size=\"399,627\" data-comments-opened=\"0\" data-image-meta=\"{&quot;aperture&quot;:&quot;0&quot;,&quot;credit&quot;:&quot;Picasa&quot;,&quot;camera&quot;:&quot;&quot;,&quot;caption&quot;:&quot;&quot;,&quot;created_timestamp&quot;:&quot;1519062392&quot;,&quot;copyright&quot;:&quot;&quot;,&quot;focal_length&quot;:&quot;0&quot;,&quot;iso&quot;:&quot;0&quot;,&quot;shutter_speed&quot;:&quot;0&quot;,&quot;title&quot;:&quot;&quot;,&quot;orientation&quot;:&quot;0&quot;}\" data-image-title=\"8.Retrato en pizarra enmarcado 16&#215;21\" data-image-description=\"\" data-image-caption=\"\" data-large-file=\"https:\/\/i0.wp.com\/www.decintivillalon.com\/wp-content\/uploads\/2018\/03\/8.Retrato-en-pizarra-enmarcado-16x21.jpg?fit=399%2C627&amp;ssl=1\" \/><\/a>\n\t\t\t<\/dt><\/dl><dl class='gallery-item'>\n\t\t\t<dt class='gallery-icon landscape'>\n\t\t\t\t<a href='https:\/\/www.decintivillalon.com\/en\/2018\/03\/02\/2018-exposiciones\/3-autorretrato-on-puzzles-41x33-cm\/'><img loading=\"lazy\" decoding=\"async\" width=\"150\" height=\"150\" src=\"https:\/\/i0.wp.com\/www.decintivillalon.com\/wp-content\/uploads\/2018\/03\/3.-Autorretrato-on-puzzles-41x33-cm.jpg?resize=150%2C150&amp;ssl=1\" class=\"attachment-thumbnail size-thumbnail\" alt=\"\" srcset=\"https:\/\/i0.wp.com\/www.decintivillalon.com\/wp-content\/uploads\/2018\/03\/3.-Autorretrato-on-puzzles-41x33-cm.jpg?resize=150%2C150&amp;ssl=1 150w, https:\/\/i0.wp.com\/www.decintivillalon.com\/wp-content\/uploads\/2018\/03\/3.-Autorretrato-on-puzzles-41x33-cm.jpg?zoom=2&amp;resize=150%2C150&amp;ssl=1 300w, https:\/\/i0.wp.com\/www.decintivillalon.com\/wp-content\/uploads\/2018\/03\/3.-Autorretrato-on-puzzles-41x33-cm.jpg?zoom=3&amp;resize=150%2C150&amp;ssl=1 450w\" sizes=\"auto, (max-width: 150px) 100vw, 150px\" data-attachment-id=\"8039\" data-permalink=\"https:\/\/www.decintivillalon.com\/en\/2018\/03\/02\/2018-exposiciones\/3-autorretrato-on-puzzles-41x33-cm\/\" data-orig-file=\"https:\/\/i0.wp.com\/www.decintivillalon.com\/wp-content\/uploads\/2018\/03\/3.-Autorretrato-on-puzzles-41x33-cm.jpg?fit=1200%2C950&amp;ssl=1\" data-orig-size=\"1200,950\" data-comments-opened=\"0\" data-image-meta=\"{&quot;aperture&quot;:&quot;0&quot;,&quot;credit&quot;:&quot;Picasa&quot;,&quot;camera&quot;:&quot;&quot;,&quot;caption&quot;:&quot;&quot;,&quot;created_timestamp&quot;:&quot;1519062240&quot;,&quot;copyright&quot;:&quot;&quot;,&quot;focal_length&quot;:&quot;0&quot;,&quot;iso&quot;:&quot;0&quot;,&quot;shutter_speed&quot;:&quot;0&quot;,&quot;title&quot;:&quot;&quot;,&quot;orientation&quot;:&quot;0&quot;}\" data-image-title=\"3. Autorretrato on puzzles, 41&#215;33 cm\" data-image-description=\"\" data-image-caption=\"\" data-large-file=\"https:\/\/i0.wp.com\/www.decintivillalon.com\/wp-content\/uploads\/2018\/03\/3.-Autorretrato-on-puzzles-41x33-cm.jpg?fit=1024%2C811&amp;ssl=1\" \/><\/a>\n\t\t\t<\/dt><\/dl><dl class='gallery-item'>\n\t\t\t<dt class='gallery-icon portrait'>\n\t\t\t\t<a href='https:\/\/www.decintivillalon.com\/en\/2018\/03\/02\/2018-exposiciones\/2-blanco-y-negro-50x50-cm\/'><img loading=\"lazy\" decoding=\"async\" width=\"150\" height=\"150\" src=\"https:\/\/i0.wp.com\/www.decintivillalon.com\/wp-content\/uploads\/2018\/03\/2.-Blanco-y-negro-50x50-cm.jpg?resize=150%2C150&amp;ssl=1\" class=\"attachment-thumbnail size-thumbnail\" alt=\"\" srcset=\"https:\/\/i0.wp.com\/www.decintivillalon.com\/wp-content\/uploads\/2018\/03\/2.-Blanco-y-negro-50x50-cm.jpg?resize=150%2C150&amp;ssl=1 150w, https:\/\/i0.wp.com\/www.decintivillalon.com\/wp-content\/uploads\/2018\/03\/2.-Blanco-y-negro-50x50-cm.jpg?zoom=2&amp;resize=150%2C150&amp;ssl=1 300w, https:\/\/i0.wp.com\/www.decintivillalon.com\/wp-content\/uploads\/2018\/03\/2.-Blanco-y-negro-50x50-cm.jpg?zoom=3&amp;resize=150%2C150&amp;ssl=1 450w\" sizes=\"auto, (max-width: 150px) 100vw, 150px\" data-attachment-id=\"8040\" data-permalink=\"https:\/\/www.decintivillalon.com\/en\/2018\/03\/02\/2018-exposiciones\/2-blanco-y-negro-50x50-cm\/\" data-orig-file=\"https:\/\/i0.wp.com\/www.decintivillalon.com\/wp-content\/uploads\/2018\/03\/2.-Blanco-y-negro-50x50-cm.jpg?fit=843%2C861&amp;ssl=1\" data-orig-size=\"843,861\" data-comments-opened=\"0\" data-image-meta=\"{&quot;aperture&quot;:&quot;0&quot;,&quot;credit&quot;:&quot;Picasa&quot;,&quot;camera&quot;:&quot;&quot;,&quot;caption&quot;:&quot;&quot;,&quot;created_timestamp&quot;:&quot;1519062202&quot;,&quot;copyright&quot;:&quot;&quot;,&quot;focal_length&quot;:&quot;0&quot;,&quot;iso&quot;:&quot;0&quot;,&quot;shutter_speed&quot;:&quot;0&quot;,&quot;title&quot;:&quot;&quot;,&quot;orientation&quot;:&quot;0&quot;}\" data-image-title=\"2. Blanco y negro, 50&#215;50 cm\" data-image-description=\"\" data-image-caption=\"\" data-large-file=\"https:\/\/i0.wp.com\/www.decintivillalon.com\/wp-content\/uploads\/2018\/03\/2.-Blanco-y-negro-50x50-cm.jpg?fit=843%2C861&amp;ssl=1\" \/><\/a>\n\t\t\t<\/dt><\/dl><br style=\"clear: both\" \/>\n\t\t<\/div>\n\n","protected":false},"excerpt":{"rendered":"<p>Exposici\u00f3n de pintura. Del 8 de marzo al 8 de mayo de 2018. Sala DV, Madrid, Espa\u00f1a. Artista residente en Madrid. Graduada en Bellas Artes en la Universidad Complutense de Madrid, con master en Educaci\u00f3n Artistica en Instituciones Sociales y Culturales de la misma universidad. Diplomada en Ilustraci\u00f3n y Dibujo Tradicional en la escuela Arteneo. [&#8230;]<\/p>\n","protected":false},"author":1,"featured_media":8057,"comment_status":"closed","ping_status":"closed","sticky":false,"template":"","format":"standard","meta":{"_acf_changed":false,"_jetpack_memberships_contains_paid_content":false,"footnotes":"","jetpack_publicize_message":"","jetpack_publicize_feature_enabled":true,"jetpack_social_post_already_shared":true,"jetpack_social_options":{"image_generator_settings":{"template":"highway","default_image_id":0,"font":"","enabled":false},"version":2}},"categories":[3],"tags":[],"yst_prominent_words":[1907,206,50,776,1906],"class_list":["post-11334","post","type-post","status-publish","format-standard","has-post-thumbnail","hentry","category-exposiciones"],"acf":[],"jetpack_publicize_connections":[],"jetpack_featured_media_url":"https:\/\/i0.wp.com\/www.decintivillalon.com\/wp-content\/uploads\/2018\/03\/IMG_20180301_231459_950.jpg?fit=817%2C817&ssl=1","yoast_head":"<!-- This site is optimized with the Yoast SEO Premium plugin v14.1 - https:\/\/yoast.com\/wordpress\/plugins\/seo\/ -->\n<meta name=\"robots\" content=\"index, follow\" \/>\n<meta name=\"googlebot\" content=\"index, follow, max-snippet:-1, max-image-preview:large, max-video-preview:-1\" \/>\n<meta name=\"bingbot\" content=\"index, follow, max-snippet:-1, max-image-preview:large, max-video-preview:-1\" \/>\n<link rel=\"canonical\" href=\"https:\/\/www.decintivillalon.com\/2018\/03\/03\/2018-laura-molina-sala-dv-madrid\/\" \/>\n<meta property=\"og:locale\" content=\"en_US\" \/>\n<meta property=\"og:type\" content=\"article\" \/>\n<meta property=\"og:title\" content=\"2018 Laura Molina, Sala DV, Madrid | DeCinti Villal\u00f3n: Academia de Pintura en Madrid D V Madrid, Academia de Pintura de Madrid | \u00d3leo | Acuarela | Dibujo\" \/>\n<meta property=\"og:description\" content=\"Exposici\u00f3n de pintura. Del 8 de marzo al 8 de mayo de 2018. Sala DV, Madrid, Espa\u00f1a. Artista residente en Madrid. Graduada en Bellas Artes en la Universidad Complutense de Madrid, con master en Educaci\u00f3n Artistica en Instituciones Sociales y Culturales de la misma universidad. Diplomada en Ilustraci\u00f3n y Dibujo Tradicional en la escuela Arteneo. [...]\" \/>\n<meta property=\"og:url\" content=\"https:\/\/www.decintivillalon.com\/2018\/03\/03\/2018-laura-molina-sala-dv-madrid\/\" \/>\n<meta property=\"og:site_name\" content=\"DeCinti Villal\u00f3n: Academia de Pintura en Madrid D V Madrid, Academia de Pintura de Madrid | \u00d3leo | Acuarela | Dibujo\" \/>\n<meta property=\"article:publisher\" content=\"https:\/\/www.facebook.com\/ADVMadrid\" \/>\n<meta property=\"article:published_time\" content=\"2018-03-03T18:39:11+00:00\" \/>\n<meta property=\"article:modified_time\" content=\"2019-11-03T18:49:35+00:00\" \/>\n<meta property=\"og:image\" content=\"https:\/\/i0.wp.com\/www.decintivillalon.com\/wp-content\/uploads\/2018\/03\/IMG_20180301_231459_950.jpg?fit=817%2C817&#038;ssl=1\" \/>\n\t<meta property=\"og:image:width\" content=\"817\" \/>\n\t<meta property=\"og:image:height\" content=\"817\" \/>\n<script type=\"application\/ld+json\" class=\"yoast-schema-graph\">{\"@context\":\"https:\/\/schema.org\",\"@graph\":[{\"@type\":\"Organization\",\"@id\":\"https:\/\/www.decintivillalon.com\/en\/#organization\",\"name\":\"DeCinti & Vilall\\u00f3n S.L.\",\"url\":\"https:\/\/www.decintivillalon.com\/en\/\",\"sameAs\":[\"https:\/\/www.facebook.com\/ADVMadrid\",\"https:\/\/www.youtube.com\/user\/artedv\"],\"logo\":{\"@type\":\"ImageObject\",\"@id\":\"https:\/\/www.decintivillalon.com\/en\/#logo\",\"inLanguage\":\"en-US\",\"url\":\"https:\/\/i0.wp.com\/www.decintivillalon.com\/wp-content\/uploads\/2014\/11\/1-logodv-0011.jpg?fit=80%2C80&ssl=1\",\"width\":80,\"height\":80,\"caption\":\"DeCinti & Vilall\\u00f3n S.L.\"},\"image\":{\"@id\":\"https:\/\/www.decintivillalon.com\/en\/#logo\"}},{\"@type\":\"WebSite\",\"@id\":\"https:\/\/www.decintivillalon.com\/en\/#website\",\"url\":\"https:\/\/www.decintivillalon.com\/en\/\",\"name\":\"DeCinti Villal\\u00f3n: Academia de Pintura en Madrid D V Madrid, Academia de Pintura de Madrid | \\u00d3leo | Acuarela | Dibujo\",\"description\":\"Curso nacional e internacional. Profesores expertos Academia de Pintura Especialistas en \\u00d3leo\",\"publisher\":{\"@id\":\"https:\/\/www.decintivillalon.com\/en\/#organization\"},\"potentialAction\":[{\"@type\":\"SearchAction\",\"target\":\"https:\/\/www.decintivillalon.com\/en\/?s={search_term_string}\",\"query-input\":\"required name=search_term_string\"}],\"inLanguage\":\"en-US\"},{\"@type\":\"ImageObject\",\"@id\":\"https:\/\/www.decintivillalon.com\/2018\/03\/03\/2018-laura-molina-sala-dv-madrid\/#primaryimage\",\"inLanguage\":\"en-US\",\"url\":\"https:\/\/i0.wp.com\/www.decintivillalon.com\/wp-content\/uploads\/2018\/03\/IMG_20180301_231459_950.jpg?fit=817%2C817&ssl=1\",\"width\":817,\"height\":817},{\"@type\":\"WebPage\",\"@id\":\"https:\/\/www.decintivillalon.com\/2018\/03\/03\/2018-laura-molina-sala-dv-madrid\/#webpage\",\"url\":\"https:\/\/www.decintivillalon.com\/2018\/03\/03\/2018-laura-molina-sala-dv-madrid\/\",\"name\":\"2018 Laura Molina, Sala DV, Madrid | DeCinti Villal\\u00f3n: Academia de Pintura en Madrid D V Madrid, Academia de Pintura de Madrid | \\u00d3leo | Acuarela | Dibujo\",\"isPartOf\":{\"@id\":\"https:\/\/www.decintivillalon.com\/en\/#website\"},\"primaryImageOfPage\":{\"@id\":\"https:\/\/www.decintivillalon.com\/2018\/03\/03\/2018-laura-molina-sala-dv-madrid\/#primaryimage\"},\"datePublished\":\"2018-03-03T18:39:11+00:00\",\"dateModified\":\"2019-11-03T18:49:35+00:00\",\"breadcrumb\":{\"@id\":\"https:\/\/www.decintivillalon.com\/2018\/03\/03\/2018-laura-molina-sala-dv-madrid\/#breadcrumb\"},\"inLanguage\":\"en-US\",\"potentialAction\":[{\"@type\":\"ReadAction\",\"target\":[\"https:\/\/www.decintivillalon.com\/2018\/03\/03\/2018-laura-molina-sala-dv-madrid\/\"]}]},{\"@type\":\"BreadcrumbList\",\"@id\":\"https:\/\/www.decintivillalon.com\/2018\/03\/03\/2018-laura-molina-sala-dv-madrid\/#breadcrumb\",\"itemListElement\":[{\"@type\":\"ListItem\",\"position\":1,\"item\":{\"@type\":\"WebPage\",\"@id\":\"https:\/\/www.decintivillalon.com\/\",\"url\":\"https:\/\/www.decintivillalon.com\/\",\"name\":\"Portada\"}},{\"@type\":\"ListItem\",\"position\":2,\"item\":{\"@type\":\"WebPage\",\"@id\":\"https:\/\/www.decintivillalon.com\/2018\/03\/03\/2018-laura-molina-sala-dv-madrid\/\",\"url\":\"https:\/\/www.decintivillalon.com\/2018\/03\/03\/2018-laura-molina-sala-dv-madrid\/\",\"name\":\"2018 Laura Molina, Sala DV, Madrid\"}}]},{\"@type\":\"Article\",\"@id\":\"https:\/\/www.decintivillalon.com\/2018\/03\/03\/2018-laura-molina-sala-dv-madrid\/#article\",\"isPartOf\":{\"@id\":\"https:\/\/www.decintivillalon.com\/2018\/03\/03\/2018-laura-molina-sala-dv-madrid\/#webpage\"},\"author\":{\"@id\":\"https:\/\/www.decintivillalon.com\/en\/#\/schema\/person\/f8dab1f105dd8bfc55633b635e8e1db9\"},\"headline\":\"2018 Laura Molina, Sala DV, Madrid\",\"datePublished\":\"2018-03-03T18:39:11+00:00\",\"dateModified\":\"2019-11-03T18:49:35+00:00\",\"commentCount\":0,\"mainEntityOfPage\":{\"@id\":\"https:\/\/www.decintivillalon.com\/2018\/03\/03\/2018-laura-molina-sala-dv-madrid\/#webpage\"},\"publisher\":{\"@id\":\"https:\/\/www.decintivillalon.com\/en\/#organization\"},\"image\":{\"@id\":\"https:\/\/www.decintivillalon.com\/2018\/03\/03\/2018-laura-molina-sala-dv-madrid\/#primaryimage\"},\"articleSection\":\"Exposiciones\",\"inLanguage\":\"en-US\"},{\"@type\":[\"Person\"],\"@id\":\"https:\/\/www.decintivillalon.com\/en\/#\/schema\/person\/f8dab1f105dd8bfc55633b635e8e1db9\",\"name\":\"decinti\",\"image\":{\"@type\":\"ImageObject\",\"@id\":\"https:\/\/www.decintivillalon.com\/en\/#personlogo\",\"inLanguage\":\"en-US\",\"url\":\"https:\/\/secure.gravatar.com\/avatar\/388a3c230c5d7caa6b569a01138507d0e25d11ffe58a31d77879ed0fb70b9e85?s=96&d=mm&r=g\",\"caption\":\"decinti\"}}]}<\/script>\n<!-- \/ Yoast SEO Premium plugin. -->","jetpack_shortlink":"https:\/\/wp.me\/p3Hbis-2WO","jetpack_sharing_enabled":true,"_links":{"self":[{"href":"https:\/\/www.decintivillalon.com\/en\/wp-json\/wp\/v2\/posts\/11334","targetHints":{"allow":["GET"]}}],"collection":[{"href":"https:\/\/www.decintivillalon.com\/en\/wp-json\/wp\/v2\/posts"}],"about":[{"href":"https:\/\/www.decintivillalon.com\/en\/wp-json\/wp\/v2\/types\/post"}],"author":[{"embeddable":true,"href":"https:\/\/www.decintivillalon.com\/en\/wp-json\/wp\/v2\/users\/1"}],"replies":[{"embeddable":true,"href":"https:\/\/www.decintivillalon.com\/en\/wp-json\/wp\/v2\/comments?post=11334"}],"version-history":[{"count":0,"href":"https:\/\/www.decintivillalon.com\/en\/wp-json\/wp\/v2\/posts\/11334\/revisions"}],"wp:featuredmedia":[{"embeddable":true,"href":"https:\/\/www.decintivillalon.com\/en\/wp-json\/wp\/v2\/media\/8057"}],"wp:attachment":[{"href":"https:\/\/www.decintivillalon.com\/en\/wp-json\/wp\/v2\/media?parent=11334"}],"wp:term":[{"taxonomy":"category","embeddable":true,"href":"https:\/\/www.decintivillalon.com\/en\/wp-json\/wp\/v2\/categories?post=11334"},{"taxonomy":"post_tag","embeddable":true,"href":"https:\/\/www.decintivillalon.com\/en\/wp-json\/wp\/v2\/tags?post=11334"},{"taxonomy":"yst_prominent_words","embeddable":true,"href":"https:\/\/www.decintivillalon.com\/en\/wp-json\/wp\/v2\/yst_prominent_words?post=11334"}],"curies":[{"name":"wp","href":"https:\/\/api.w.org\/{rel}","templated":true}]}}